{"id":1420,"date":"2026-07-25T14:48:57","date_gmt":"2026-07-25T17:48:57","guid":{"rendered":"https:\/\/marcosalencarpsicanalista.com\/?p=1420"},"modified":"2026-08-03T20:36:44","modified_gmt":"2026-08-03T23:36:44","slug":"terapia-breve-que-es-y-para-quien-esta-indicada","status":"publish","type":"post","link":"https:\/\/marcosalencarpsicanalista.com\/es\/terapia-breve-o-que-e-para-quem-e-indicada\/","title":{"rendered":"Terapia breve: \u00bfqu\u00e9 es y para qui\u00e9n est\u00e1 indicada?"},"content":{"rendered":"<div data-elementor-type=\"wp-post\" data-elementor-id=\"1420\" class=\"elementor elementor-1420\">\n\t\t\t\t<div class=\"elementor-element elementor-element-ef0764e e-flex e-con-boxed wpr-particle-no wpr-jarallax-no wpr-parallax-no wpr-sticky-section-no wpr-column-slider-no wpr-equal-height-no e-con e-parent\" data-id=\"ef0764e\" data-element_type=\"container\" data-e-type=\"container\" data-settings=\"{&quot;background_background&quot;:&quot;classic&quot;}\">\n\t\t\t\t\t<div class=\"e-con-inner\">\n\t\t\t\t<div class=\"elementor-element elementor-element-8695056 elementor-widget elementor-widget-heading\" data-id=\"8695056\" data-element_type=\"widget\" data-e-type=\"widget\" data-widget_type=\"heading.default\">\n\t\t\t\t\t<h1 class=\"elementor-heading-title elementor-size-default\">Terapia breve: \u00bfqu\u00e9 es, para qui\u00e9n est\u00e1 indicada y cu\u00e1ndo es la mejor opci\u00f3n?<\/h1>\t\t\t\t<\/div>\n\t\t\t\t<div class=\"elementor-element elementor-element-16b5b2a elementor-widget elementor-widget-text-editor\" data-id=\"16b5b2a\" data-element_type=\"widget\" data-e-type=\"widget\" data-widget_type=\"text-editor.default\">\n\t\t\t\t\t\t\t\t\t<strong>Un espacio de escucha para comprender lo que est\u00e1s viviendo.<\/strong>\t\t\t\t\t\t\t\t<\/div>\n\t\t\t\t\t<\/div>\n\t\t\t\t<\/div>\n\t\t<div class=\"elementor-element elementor-element-5ef3116 e-flex e-con-boxed wpr-particle-no wpr-jarallax-no wpr-parallax-no wpr-sticky-section-no wpr-column-slider-no wpr-equal-height-no e-con e-parent\" data-id=\"5ef3116\" data-element_type=\"container\" data-e-type=\"container\" data-settings=\"{&quot;background_background&quot;:&quot;classic&quot;}\">\n\t\t\t\t\t<div class=\"e-con-inner\">\n\t\t\t\t<div class=\"elementor-element elementor-element-bb5d0f0 elementor-widget elementor-widget-text-editor\" data-id=\"bb5d0f0\" data-element_type=\"widget\" data-e-type=\"widget\" data-widget_type=\"text-editor.default\">\n\t\t\t\t\t\t\t\t\t<div class=\"artigo-suica\">\n<p class=\"artigo-abertura\">No todo proceso terap\u00e9utico necesita comenzar sin una duraci\u00f3n definida. En determinados momentos, una persona puede encontrarse ante una cuesti\u00f3n espec\u00edfica, una decisi\u00f3n importante o una dificultad delimitada que requiere escucha, comprensi\u00f3n y elaboraci\u00f3n durante un per\u00edodo m\u00e1s concentrado.<\/p>\nLa terapia breve es una modalidad de atenci\u00f3n psicol\u00f3gica organizada en torno a un foco previamente definido. No pretende abordar todos los aspectos de la vida de la persona, sino crear las condiciones para comprender y trabajar una cuesti\u00f3n central que est\u00e9 generando sufrimiento, conflicto o dificultad.\n<p class=\"artigo-destaque\">La brevedad no significa superficialidad. Se refiere a la delimitaci\u00f3n del foco, no a la simplificaci\u00f3n de la experiencia.<\/p>\n\n<h2>\u00bfQu\u00e9 es la terapia breve?<\/h2>\nLa terapia breve es un proceso con objetivos m\u00e1s delimitados y una duraci\u00f3n acordada inicialmente. En general, los encuentros se realizan semanalmente y el proceso puede desarrollarse a lo largo de aproximadamente 10 a 16 sesiones, aunque el n\u00famero exacto depende de la situaci\u00f3n planteada y de la evoluci\u00f3n del trabajo.\n\nEl trabajo busca comprender c\u00f3mo se manifiesta una determinada dificultad, qu\u00e9 conflictos est\u00e1n implicados y de qu\u00e9 manera la persona participa, muchas veces sin percibirlo, en situaciones que se repiten en su vida.\n\nAunque exista un foco inicial, esto no significa que la escucha quede restringida \u00fanicamente a los aspectos m\u00e1s evidentes del problema. Una cuesti\u00f3n aparentemente puntual puede revelar conflictos, expectativas y formas de relaci\u00f3n m\u00e1s profundas.\n<h2>\u00bfQui\u00e9n puede beneficiarse de la terapia breve?<\/h2>\nLa terapia breve puede ser adecuada cuando existe una cuesti\u00f3n relativamente identificable, como:\n<ul>\n \t<li>una decisi\u00f3n profesional o personal;<\/li>\n \t<li>dificultades en el trabajo;<\/li>\n \t<li>conflictos en una relaci\u00f3n;<\/li>\n \t<li>per\u00edodos de cambio o transici\u00f3n;<\/li>\n \t<li>ansiedad asociada a una situaci\u00f3n espec\u00edfica;<\/li>\n \t<li>dificultades de adaptaci\u00f3n;<\/li>\n \t<li>agotamiento o sobrecarga;<\/li>\n \t<li>repetici\u00f3n de un problema delimitado;<\/li>\n \t<li>necesidad de comprender una situaci\u00f3n antes de tomar una decisi\u00f3n.<\/li>\n<\/ul>\nPuede ser especialmente \u00fatil cuando la persona reconoce que hay algo que necesita ser pensado, pero todav\u00eda no consigue organizar por s\u00ed sola aquello que est\u00e1 viviendo.\n<p class=\"artigo-pergunta\">La cuesti\u00f3n no es solamente \"\u00bfc\u00f3mo resolver este problema?\", sino tambi\u00e9n \"\u00bfqu\u00e9 revela esta situaci\u00f3n sobre la forma en que estoy viviendo, eligiendo o relacion\u00e1ndome?\"<\/p>\n\n<h2>\u00bfCu\u00e1ndo puede no ser la mejor opci\u00f3n?<\/h2>\nLa terapia breve puede ser insuficiente cuando el sufrimiento est\u00e1 relacionado con conflictos m\u00e1s antiguos, patrones recurrentes presentes en distintas \u00e1reas de la vida o cuestiones que requieren un trabajo m\u00e1s amplio y sin un plazo previamente establecido.\n\nTambi\u00e9n puede no ser la modalidad m\u00e1s adecuada cuando la persona no consigue delimitar una cuesti\u00f3n principal y siente la necesidad de comprender su historia, sus v\u00ednculos, sus deseos y sus repeticiones de una manera m\u00e1s abierta.\n\nEn estos casos, un proceso anal\u00edtico o una psicoterapia de mayor duraci\u00f3n puede tener m\u00e1s sentido.\n<p class=\"artigo-frase-curta\">Esta decisi\u00f3n no necesita ser tomada por la persona con anticipaci\u00f3n.<\/p>\nLa elecci\u00f3n del formato puede construirse durante los primeros encuentros, a partir de lo que aparece en la conversaci\u00f3n y de la naturaleza de la cuesti\u00f3n planteada.\n<h2>\u00bfCu\u00e1l es la diferencia entre la terapia breve y el an\u00e1lisis individual?<\/h2>\nLa principal diferencia est\u00e1 en el encuadre del trabajo. En la terapia breve, se establece un foco principal y un per\u00edodo inicialmente delimitado. El proceso busca comprender y trabajar una cuesti\u00f3n espec\u00edfica, sin que esto impida la aparici\u00f3n de aspectos m\u00e1s profundos de la experiencia.\n\nEn el an\u00e1lisis individual, el recorrido es m\u00e1s abierto. No existe necesariamente un \u00fanico tema ni una duraci\u00f3n previamente definida. La escucha acompa\u00f1a las asociaciones, los conflictos, los deseos y las repeticiones que surgen a lo largo del proceso. El an\u00e1lisis puede permitir que cuestiones inicialmente secundarias o todav\u00eda desconocidas encuentren espacio para aparecer y ser elaboradas.\n\nNinguna modalidad es mejor de forma absoluta. Cada una responde a necesidades, momentos y posibilidades diferentes.\n<p class=\"artigo-destaque\">Ninguna modalidad es mejor de forma absoluta. Cada una responde a necesidades, momentos y posibilidades diferentes.<\/p>\n\n<h2>Terapia breve y psicoan\u00e1lisis<\/h2>\nLa terapia breve puede llevarse a cabo desde una orientaci\u00f3n psicoanal\u00edtica. Esto significa que, incluso con un foco previamente definido y una duraci\u00f3n m\u00e1s delimitada, la escucha considera los conflictos inconscientes, las repeticiones, las formas de relaci\u00f3n y los sentidos que van m\u00e1s all\u00e1 de la explicaci\u00f3n m\u00e1s inmediata del problema. El objetivo no es solamente eliminar un s\u00edntoma o encontrar una soluci\u00f3n r\u00e1pida, sino comprender qu\u00e9 revela una determinada situaci\u00f3n sobre la manera en que la persona desea, elige, se posiciona y se relaciona.\n<h2>\u00bfC\u00f3mo se define el foco?<\/h2>\nEl foco no debe ser impuesto por el terapeuta ni reducido a una meta r\u00edgida. Se construye en conjunto, a partir de la cuesti\u00f3n que llev\u00f3 a la persona a buscar atenci\u00f3n.\n\nPor ejemplo, alguien puede llegar diciendo que desea cambiar de empleo. A lo largo de las conversaciones, puede aparecer que la dificultad no est\u00e1 solamente en la decisi\u00f3n profesional, sino tambi\u00e9n en el miedo a decepcionar a otras personas, en la necesidad de reconocimiento o en la repetici\u00f3n de elecciones que generan insatisfacci\u00f3n.\n\nDel mismo modo, una persona puede buscar ayuda debido a conflictos en una relaci\u00f3n y darse cuenta de que la cuesti\u00f3n tambi\u00e9n implica su dificultad para establecer l\u00edmites, expresar deseos o tolerar la posibilidad de desagradar.\n\nEl foco inicial orienta el trabajo, pero puede adquirir mayor profundidad a medida que la experiencia se pone en palabras.\n<h2>\u00bfQu\u00e9 puede alcanzarse en un proceso breve?<\/h2>\nLa terapia breve puede ayudar a la persona a:\n<ul>\n \t<li>comprender mejor el conflicto que est\u00e1 viviendo;<\/li>\n \t<li>reconocer patrones de comportamiento y de relaci\u00f3n;<\/li>\n \t<li>nombrar sentimientos que todav\u00eda no estaban claros;<\/li>\n \t<li>percibir alternativas que antes no pod\u00eda ver;<\/li>\n \t<li>tomar decisiones de manera m\u00e1s consciente;<\/li>\n \t<li>desarrollar nuevas formas de posicionarse frente a una situaci\u00f3n;<\/li>\n \t<li>identificar recursos internos para afrontar per\u00edodos de cambio;<\/li>\n \t<li>comprender el sentido de determinadas repeticiones.<\/li>\n<\/ul>\nEl objetivo no es ofrecer respuestas preparadas, consejos ni f\u00f3rmulas de comportamiento. El trabajo busca ampliar la capacidad de la persona para comprender y elaborar aquello que est\u00e1 ocurriendo.\n<p class=\"artigo-frase-curta\">Una decisi\u00f3n puede cambiar cuando el conflicto que la sostiene se vuelve m\u00e1s claro.<\/p>\n\n<h2>\u00bfLa terapia breve produce cambios duraderos?<\/h2>\nLa duraci\u00f3n limitada no impide que se produzcan cambios importantes. Cuando una persona consigue reconocer un patr\u00f3n, comprender un conflicto o encontrar una nueva forma de posicionarse, los efectos del proceso pueden permanecer despu\u00e9s de la finalizaci\u00f3n de las sesiones.\n\nAl mismo tiempo, la terapia breve no pretende resolver todas las cuestiones de la vida ps\u00edquica. Su alcance est\u00e1 relacionado con el foco construido y con aquello que puede elaborarse dentro de ese encuadre.\n\nEn algunos casos, el proceso breve es suficiente. En otros, puede revelar el deseo o la necesidad de continuar con un trabajo m\u00e1s amplio.\n<h2>\u00bfC\u00f3mo saber si esta modalidad tiene sentido para ti?<\/h2>\nEsta elecci\u00f3n puede hacerse durante una primera conversaci\u00f3n. En este encuentro inicial, buscamos comprender qu\u00e9 motiv\u00f3 la b\u00fasqueda de atenci\u00f3n, cu\u00e1l es la cuesti\u00f3n principal y qu\u00e9 tipo de proceso puede ser m\u00e1s adecuado.\n\nNo es necesario llegar con un diagn\u00f3stico, una explicaci\u00f3n organizada o una certeza sobre la modalidad deseada. La propia conversaci\u00f3n puede ayudar a delimitar lo que est\u00e1 ocurriendo.\n<p class=\"artigo-pergunta\">\u00bfQu\u00e9 es lo que, en este momento, pide ser comprendido?<\/p>\nEn algunos casos, la terapia breve ser\u00e1 suficiente. En otros, la conversaci\u00f3n podr\u00e1 indicar la necesidad de un recorrido m\u00e1s abierto y profundo.\n<h2>Primera conversaci\u00f3n<\/h2>\nLa primera conversaci\u00f3n tiene una duraci\u00f3n de 30 minutos, es gratuita y sin compromiso. Es un espacio para que puedas presentar lo que est\u00e1s viviendo, conocer mi forma de trabajo y evaluar juntos qu\u00e9 camino puede tener m\u00e1s sentido.\n<p class=\"artigo-frase-final\">Cada momento de la vida puede requerir una forma diferente de escucha.<\/p>\n<a href=\"https:\/\/marcosalencarpsicanalista.com\/es\/30min\/\">\nAgenda tu primera conversaci\u00f3n \u2192\n<\/a>\n\n<\/div>\t\t\t\t\t\t\t\t<\/div>\n\t\t\t\t\t<\/div>\n\t\t\t\t<\/div>\n\t\t\t\t<\/div>","protected":false},"excerpt":{"rendered":"<p>No todo proceso terap\u00e9utico necesita comenzar sin una duraci\u00f3n definida. En determinados momentos, una persona puede encontrarse ante una cuesti\u00f3n espec\u00edfica, una decisi\u00f3n importante o una dificultad delimitada que requiere escucha, comprensi\u00f3n y elaboraci\u00f3n durante un per\u00edodo m\u00e1s concentrado.<\/p>","protected":false},"author":1,"featured_media":1436,"comment_status":"closed","ping_status":"open","sticky":false,"template":"elementor_header_footer","format":"standard","meta":{"footnotes":""},"categories":[1],"tags":[],"class_list":["post-1420","post","type-post","status-publish","format-standard","has-post-thumbnail","hentry","category-blog"],"yoast_head":"<!-- This site is optimized with the Yoast SEO Premium plugin v28.2 (Yoast SEO v28.4) - https:\/\/yoast.com\/product\/yoast-seo-premium-wordpress\/ -->\n<title>Terapia breve: o que \u00e9 e para quem \u00e9 indicada?<\/title>\n<meta name=\"description\" content=\"Entenda o que \u00e9 terapia breve, para quem ela \u00e9 indicada, quanto tempo pode durar e quando essa modalidade pode ser a melhor escolha.\" \/>\n<meta name=\"robots\" content=\"index, follow, max-snippet:-1, max-image-preview:large, max-video-preview:-1\" \/>\n<link rel=\"canonical\" href=\"https:\/\/marcosalencarpsicanalista.com\/es\/terapia-breve-que-es-y-para-quien-esta-indicada\/\" \/>\n<meta property=\"og:locale\" content=\"es_ES\" \/>\n<meta property=\"og:type\" content=\"article\" \/>\n<meta property=\"og:title\" content=\"Terapia breve: o que \u00e9 e para quem \u00e9 indicada?\" \/>\n<meta property=\"og:description\" content=\"Entenda o que \u00e9 terapia breve, para quem ela \u00e9 indicada, quanto tempo pode durar e quando essa modalidade pode ser a melhor escolha.\" \/>\n<meta property=\"og:url\" content=\"https:\/\/marcosalencarpsicanalista.com\/es\/terapia-breve-que-es-y-para-quien-esta-indicada\/\" \/>\n<meta property=\"og:site_name\" content=\"Marcos Alencar | Psicanalista em S\u00e3o Paulo\" \/>\n<meta property=\"article:published_time\" content=\"2026-07-25T17:48:57+00:00\" \/>\n<meta property=\"article:modified_time\" content=\"2026-08-03T23:36:44+00:00\" \/>\n<meta property=\"og:image\" content=\"https:\/\/marcosalencarpsicanalista.com\/wp-content\/uploads\/2026\/07\/terapiabreve.png\" \/>\n\t<meta property=\"og:image:width\" content=\"1672\" \/>\n\t<meta property=\"og:image:height\" content=\"941\" \/>\n\t<meta property=\"og:image:type\" content=\"image\/png\" \/>\n<meta name=\"author\" content=\"admin\" \/>\n<meta name=\"twitter:card\" content=\"summary_large_image\" \/>\n<meta name=\"twitter:title\" content=\"Terapia breve: o que \u00e9 e para quem \u00e9 indicada?\" \/>\n<meta name=\"twitter:description\" content=\"Entenda o que \u00e9 terapia breve, para quem ela \u00e9 indicada, quanto tempo pode durar e quando essa modalidade pode ser a melhor escolha.\" \/>\n<meta name=\"twitter:image\" content=\"https:\/\/marcosalencarpsicanalista.com\/wp-content\/uploads\/2026\/07\/terapiabreve.png\" \/>\n<meta name=\"twitter:label1\" content=\"Escrito por\" \/>\n\t<meta name=\"twitter:data1\" content=\"admin\" \/>\n\t<meta name=\"twitter:label2\" content=\"Tiempo de lectura\" \/>\n\t<meta name=\"twitter:data2\" content=\"7 minutos\" \/>\n<script type=\"application\/ld+json\" class=\"yoast-schema-graph\">{\"@context\":\"https:\\\/\\\/schema.org\",\"@graph\":[{\"@type\":\"Article\",\"@id\":\"https:\\\/\\\/marcosalencarpsicanalista.com\\\/terapia-breve-o-que-e-para-quem-e-indicada\\\/#article\",\"isPartOf\":{\"@id\":\"https:\\\/\\\/marcosalencarpsicanalista.com\\\/terapia-breve-o-que-e-para-quem-e-indicada\\\/\"},\"author\":{\"@id\":\"https:\\\/\\\/marcosalencarpsicanalista.com\\\/es\\\/#marcos-correa-alencar\"},\"headline\":\"Terapia breve: o que \u00e9 e para quem \u00e9 indicada?\",\"datePublished\":\"2026-07-25T17:48:57+00:00\",\"dateModified\":\"2026-08-03T23:36:44+00:00\",\"mainEntityOfPage\":{\"@id\":\"https:\\\/\\\/marcosalencarpsicanalista.com\\\/terapia-breve-o-que-e-para-quem-e-indicada\\\/\"},\"wordCount\":1321,\"publisher\":{\"@id\":\"https:\\\/\\\/marcosalencarpsicanalista.com\\\/es\\\/#consultorio-marcos-alencar\"},\"image\":{\"@id\":\"https:\\\/\\\/marcosalencarpsicanalista.com\\\/terapia-breve-o-que-e-para-quem-e-indicada\\\/#primaryimage\"},\"thumbnailUrl\":\"https:\\\/\\\/marcosalencarpsicanalista.com\\\/wp-content\\\/uploads\\\/2026\\\/07\\\/terapiabrevepost-e1785607780705.webp\",\"articleSection\":[\"Blog\"],\"inLanguage\":\"es-AR\"},{\"@type\":\"WebPage\",\"@id\":\"https:\\\/\\\/marcosalencarpsicanalista.com\\\/terapia-breve-o-que-e-para-quem-e-indicada\\\/\",\"url\":\"https:\\\/\\\/marcosalencarpsicanalista.com\\\/terapia-breve-o-que-e-para-quem-e-indicada\\\/\",\"name\":\"Terapia breve: o que \u00e9 e para quem \u00e9 indicada?\",\"isPartOf\":{\"@id\":\"https:\\\/\\\/marcosalencarpsicanalista.com\\\/#website\"},\"primaryImageOfPage\":{\"@id\":\"https:\\\/\\\/marcosalencarpsicanalista.com\\\/terapia-breve-o-que-e-para-quem-e-indicada\\\/#primaryimage\"},\"image\":{\"@id\":\"https:\\\/\\\/marcosalencarpsicanalista.com\\\/terapia-breve-o-que-e-para-quem-e-indicada\\\/#primaryimage\"},\"thumbnailUrl\":\"https:\\\/\\\/marcosalencarpsicanalista.com\\\/wp-content\\\/uploads\\\/2026\\\/07\\\/terapiabrevepost-e1785607780705.webp\",\"datePublished\":\"2026-07-25T17:48:57+00:00\",\"dateModified\":\"2026-08-03T23:36:44+00:00\",\"description\":\"Entenda o que \u00e9 terapia breve, para quem ela \u00e9 indicada, quanto tempo pode durar e quando essa modalidade pode ser a melhor escolha.\",\"breadcrumb\":{\"@id\":\"https:\\\/\\\/marcosalencarpsicanalista.com\\\/terapia-breve-o-que-e-para-quem-e-indicada\\\/#breadcrumb\"},\"inLanguage\":\"es-AR\",\"potentialAction\":[{\"@type\":\"ReadAction\",\"target\":[\"https:\\\/\\\/marcosalencarpsicanalista.com\\\/terapia-breve-o-que-e-para-quem-e-indicada\\\/\"]}],\"about\":[{\"@id\":\"https:\\\/\\\/marcosalencarpsicanalista.com\\\/es\\\/#marcos-correa-alencar\"},{\"@id\":\"https:\\\/\\\/marcosalencarpsicanalista.com\\\/es\\\/#consultorio-marcos-alencar\"}]},{\"@type\":\"ImageObject\",\"inLanguage\":\"es-AR\",\"@id\":\"https:\\\/\\\/marcosalencarpsicanalista.com\\\/terapia-breve-o-que-e-para-quem-e-indicada\\\/#primaryimage\",\"url\":\"https:\\\/\\\/marcosalencarpsicanalista.com\\\/wp-content\\\/uploads\\\/2026\\\/07\\\/terapiabrevepost-e1785607780705.webp\",\"contentUrl\":\"https:\\\/\\\/marcosalencarpsicanalista.com\\\/wp-content\\\/uploads\\\/2026\\\/07\\\/terapiabrevepost-e1785607780705.webp\",\"width\":1200,\"height\":400},{\"@type\":\"BreadcrumbList\",\"@id\":\"https:\\\/\\\/marcosalencarpsicanalista.com\\\/terapia-breve-o-que-e-para-quem-e-indicada\\\/#breadcrumb\",\"itemListElement\":[{\"@type\":\"ListItem\",\"position\":1,\"name\":\"Home\",\"item\":\"https:\\\/\\\/marcosalencarpsicanalista.com\\\/\"},{\"@type\":\"ListItem\",\"position\":2,\"name\":\"Terapia breve: o que \u00e9 e para quem \u00e9 indicada?\"}]},{\"@type\":\"WebSite\",\"@id\":\"https:\\\/\\\/marcosalencarpsicanalista.com\\\/#website\",\"url\":\"https:\\\/\\\/marcosalencarpsicanalista.com\\\/\",\"name\":\"Marcos Alencar | Psicanalista e Psic\u00f3logo\",\"description\":\"Psican\u00e1lise e psicoterapia presencial em S\u00e3o Paulo e online no Brasil e no exterior.\",\"publisher\":{\"@id\":\"https:\\\/\\\/marcosalencarpsicanalista.com\\\/es\\\/#consultorio-marcos-alencar\"},\"alternateName\":\"Marcos Alencar\",\"potentialAction\":[{\"@type\":\"SearchAction\",\"target\":{\"@type\":\"EntryPoint\",\"urlTemplate\":\"https:\\\/\\\/marcosalencarpsicanalista.com\\\/?s={search_term_string}\"},\"query-input\":{\"@type\":\"PropertyValueSpecification\",\"valueRequired\":true,\"valueName\":\"search_term_string\"}}],\"inLanguage\":\"es-AR\",\"about\":[{\"@id\":\"https:\\\/\\\/marcosalencarpsicanalista.com\\\/es\\\/#marcos-correa-alencar\"},{\"@id\":\"https:\\\/\\\/marcosalencarpsicanalista.com\\\/es\\\/#consultorio-marcos-alencar\"}]},{\"@type\":\"Organization\",\"@id\":\"https:\\\/\\\/marcosalencarpsicanalista.com\\\/#organization\",\"name\":\"Marcos Alencar | Psicologo e Psicanalista\",\"url\":\"https:\\\/\\\/marcosalencarpsicanalista.com\\\/\",\"logo\":{\"@type\":\"ImageObject\",\"inLanguage\":\"es-AR\",\"@id\":\"https:\\\/\\\/marcosalencarpsicanalista.com\\\/#\\\/schema\\\/logo\\\/image\\\/\",\"url\":\"https:\\\/\\\/marcosalencarpsicanalista.com\\\/wp-content\\\/uploads\\\/2026\\\/08\\\/marcosalencar-psicanalista-psicologo-sao-paulo-sp-port.png\",\"contentUrl\":\"https:\\\/\\\/marcosalencarpsicanalista.com\\\/wp-content\\\/uploads\\\/2026\\\/08\\\/marcosalencar-psicanalista-psicologo-sao-paulo-sp-port.png\",\"width\":1122,\"height\":1402,\"caption\":\"Marcos Alencar | Psicologo e Psicanalista\"},\"image\":{\"@id\":\"https:\\\/\\\/marcosalencarpsicanalista.com\\\/#\\\/schema\\\/logo\\\/image\\\/\"},\"description\":\"Psican\u00e1lise e psicoterapia com Marcos Alencar, Psicanalista e Psic\u00f3logo (CRP 06\\\/30117). Atendimento presencial em S\u00e3o Paulo e online, em portugu\u00eas, ingl\u00eas e espanhol. Primeira conversa gratuita de 30 minutos.\"},{\"@type\":\"Person\",\"@id\":\"https:\\\/\\\/marcosalencarpsicanalista.com\\\/#\\\/schema\\\/person\\\/4ad7e05d136010f9f356f5f5fd874544\",\"name\":\"admin\",\"image\":{\"@type\":\"ImageObject\",\"inLanguage\":\"es-AR\",\"@id\":\"https:\\\/\\\/marcosalencarpsicanalista.com\\\/wp-content\\\/litespeed\\\/avatar\\\/11030dd59ce4df8ad890f8c5715b951e.jpg?ver=1788198069\",\"url\":\"https:\\\/\\\/marcosalencarpsicanalista.com\\\/wp-content\\\/litespeed\\\/avatar\\\/11030dd59ce4df8ad890f8c5715b951e.jpg?ver=1788198069\",\"contentUrl\":\"https:\\\/\\\/marcosalencarpsicanalista.com\\\/wp-content\\\/litespeed\\\/avatar\\\/11030dd59ce4df8ad890f8c5715b951e.jpg?ver=1788198069\",\"caption\":\"admin\"},\"sameAs\":[\"https:\\\/\\\/marcosalencarpsicanalista.com\"],\"url\":\"https:\\\/\\\/marcosalencarpsicanalista.com\\\/es\\\/author\\\/admin\\\/\"},{\"@type\":\"Person\",\"@id\":\"https:\\\/\\\/marcosalencarpsicanalista.com\\\/es\\\/#marcos-correa-alencar\",\"name\":\"Marcos Corr\u00eaa Alencar\",\"alternateName\":\"Marcos Alencar\",\"givenName\":\"Marcos\",\"additionalName\":\"Corr\u00eaa\",\"familyName\":\"Alencar\",\"url\":\"https:\\\/\\\/marcosalencarpsicanalista.com\\\/es\\\/es\\\/psicanalista-marcos-alencar\\\/\",\"mainEntityOfPage\":{\"@id\":\"https:\\\/\\\/marcosalencarpsicanalista.com\\\/es\\\/es\\\/psicanalista-marcos-alencar\\\/\"},\"image\":{\"@type\":\"ImageObject\",\"@id\":\"https:\\\/\\\/marcosalencarpsicanalista.com\\\/es\\\/#imagem-marcos-alencar\",\"url\":\"https:\\\/\\\/marcosalencarpsicanalista.com\\\/es\\\/wp-content\\\/uploads\\\/2026\\\/07\\\/DrMarcosAlencar.webp\",\"contentUrl\":\"https:\\\/\\\/marcosalencarpsicanalista.com\\\/es\\\/wp-content\\\/uploads\\\/2026\\\/07\\\/DrMarcosAlencar.webp\",\"caption\":\"Marcos Corr\u00eaa Alencar, Psicanalista e Psic\u00f3logo\"},\"description\":\"Marcos Corr\u00eaa Alencar es Psicoanalista y Psic\u00f3logo, registrado en el CRP 06\\\/30117. Atiende presencialmente en S\u00e3o Paulo y online en Brasil y en el exterior, en portugu\u00e9s, ingl\u00e9s y espa\u00f1ol.\",\"jobTitle\":[\"Psicanalista\",\"Psic\u00f3logo\"],\"identifier\":{\"@type\":\"PropertyValue\",\"propertyID\":\"CRP\",\"value\":\"06\\\/30117\",\"name\":\"Registro profissional no Conselho Regional de Psicologia\"},\"knowsLanguage\":[{\"@type\":\"Language\",\"name\":\"Portugu\u00eas\",\"alternateName\":\"pt-BR\"},{\"@type\":\"Language\",\"name\":\"English\",\"alternateName\":\"en\"},{\"@type\":\"Language\",\"name\":\"Espa\u00f1ol\",\"alternateName\":\"es\"}],\"telephone\":\"+55 11 91566-5300\",\"email\":\"contato@marcosalencarpsicanalista.com\",\"workLocation\":{\"@type\":\"Place\",\"name\":\"S\u00e3o Paulo, SP, Brasil\",\"address\":{\"@type\":\"PostalAddress\",\"addressLocality\":\"S\u00e3o Paulo\",\"addressRegion\":\"SP\",\"postalCode\":\"05447-140\",\"addressCountry\":\"BR\"},\"geo\":{\"@type\":\"GeoCoordinates\",\"latitude\":-23.5468322,\"longitude\":-46.705219}},\"worksFor\":{\"@id\":\"https:\\\/\\\/marcosalencarpsicanalista.com\\\/es\\\/#consultorio-marcos-alencar\"},\"knowsAbout\":[\"Psican\u00e1lise\",\"Psicologia\",\"Psicoterapia de orienta\u00e7\u00e3o anal\u00edtica\",\"An\u00e1lise individual\",\"Terapia breve\",\"Autoconhecimento\",\"Sa\u00fade mental\",\"Subjetividade\",\"Migra\u00e7\u00e3o e adapta\u00e7\u00e3o cultural\",\"Tecnologia e subjetividade\",\"Supervis\u00e3o cl\u00ednica\"],\"makesOffer\":[{\"@id\":\"https:\\\/\\\/marcosalencarpsicanalista.com\\\/es\\\/#oferta-primeira-conversa\"}]},{\"@type\":\"LocalBusiness\",\"@id\":\"https:\\\/\\\/marcosalencarpsicanalista.com\\\/es\\\/#consultorio-marcos-alencar\",\"name\":\"Marcos Alencar \u2014 Psicoanalista y Psic\u00f3logo\",\"alternateName\":\"Marcos Alencar\",\"url\":\"https:\\\/\\\/marcosalencarpsicanalista.com\\\/es\\\/es\\\/\",\"description\":\"Psicoan\u00e1lisis y psicoterapia de orientaci\u00f3n anal\u00edtica con Marcos Corr\u00eaa Alencar, CRP 06\\\/30117. Atenci\u00f3n presencial en S\u00e3o Paulo y online en Brasil y en el exterior, en portugu\u00e9s, ingl\u00e9s y espa\u00f1ol.\",\"image\":{\"@id\":\"https:\\\/\\\/marcosalencarpsicanalista.com\\\/es\\\/#imagem-marcos-alencar\"},\"telephone\":\"+55 11 91566-5300\",\"email\":\"contato@marcosalencarpsicanalista.com\",\"address\":{\"@type\":\"PostalAddress\",\"addressLocality\":\"S\u00e3o Paulo\",\"addressRegion\":\"SP\",\"postalCode\":\"05447-140\",\"addressCountry\":\"BR\"},\"geo\":{\"@type\":\"GeoCoordinates\",\"latitude\":-23.5468322,\"longitude\":-46.705219},\"areaServed\":[{\"@type\":\"City\",\"name\":\"S\u00e3o Paulo\"},{\"@type\":\"Country\",\"name\":\"Brasil\"},{\"@type\":\"AdministrativeArea\",\"name\":\"Atendimento online internacional\"}],\"availableLanguage\":[{\"@type\":\"Language\",\"name\":\"Portugu\u00eas\",\"alternateName\":\"pt-BR\"},{\"@type\":\"Language\",\"name\":\"English\",\"alternateName\":\"en\"},{\"@type\":\"Language\",\"name\":\"Espa\u00f1ol\",\"alternateName\":\"es\"}],\"founder\":{\"@id\":\"https:\\\/\\\/marcosalencarpsicanalista.com\\\/es\\\/#marcos-correa-alencar\"},\"employee\":{\"@id\":\"https:\\\/\\\/marcosalencarpsicanalista.com\\\/es\\\/#marcos-correa-alencar\"},\"openingHoursSpecification\":[{\"@type\":\"OpeningHoursSpecification\",\"dayOfWeek\":[\"https:\\\/\\\/schema.org\\\/Monday\",\"https:\\\/\\\/schema.org\\\/Tuesday\",\"https:\\\/\\\/schema.org\\\/Wednesday\",\"https:\\\/\\\/schema.org\\\/Thursday\",\"https:\\\/\\\/schema.org\\\/Friday\"],\"opens\":\"09:00\",\"closes\":\"19:00\"}],\"hasOfferCatalog\":{\"@type\":\"OfferCatalog\",\"name\":\"Atendimentos e servi\u00e7os\",\"itemListElement\":[{\"@id\":\"https:\\\/\\\/marcosalencarpsicanalista.com\\\/es\\\/#analise-individual\"},{\"@id\":\"https:\\\/\\\/marcosalencarpsicanalista.com\\\/es\\\/#terapia-breve\"},{\"@id\":\"https:\\\/\\\/marcosalencarpsicanalista.com\\\/es\\\/#supervisao-clinica\"},{\"@id\":\"https:\\\/\\\/marcosalencarpsicanalista.com\\\/es\\\/#primeira-conversa\"}]},\"makesOffer\":[{\"@id\":\"https:\\\/\\\/marcosalencarpsicanalista.com\\\/es\\\/#oferta-primeira-conversa\"}]},{\"@type\":\"Service\",\"@id\":\"https:\\\/\\\/marcosalencarpsicanalista.com\\\/es\\\/#analise-individual\",\"name\":\"An\u00e1lisis Individual\",\"serviceType\":\"Psican\u00e1lise e psicoterapia de orienta\u00e7\u00e3o anal\u00edtica\",\"description\":\"Un proceso continuo y profundo de escucha y autoconocimiento, desarrollado de acuerdo con la singularidad y el tiempo de cada persona.\",\"provider\":{\"@id\":\"https:\\\/\\\/marcosalencarpsicanalista.com\\\/es\\\/#marcos-correa-alencar\"},\"broker\":{\"@id\":\"https:\\\/\\\/marcosalencarpsicanalista.com\\\/es\\\/#consultorio-marcos-alencar\"},\"areaServed\":[{\"@type\":\"City\",\"name\":\"S\u00e3o Paulo\"},{\"@type\":\"Country\",\"name\":\"Brasil\"},{\"@type\":\"AdministrativeArea\",\"name\":\"Atendimento online internacional\"}],\"availableChannel\":[{\"@type\":\"ServiceChannel\",\"name\":\"Consultorio en S\u00e3o Paulo\",\"serviceLocation\":{\"@type\":\"Place\",\"name\":\"Consultorio en S\u00e3o Paulo\",\"address\":{\"@type\":\"PostalAddress\",\"addressLocality\":\"S\u00e3o Paulo\",\"addressRegion\":\"SP\",\"postalCode\":\"05447-140\",\"addressCountry\":\"BR\"},\"geo\":{\"@type\":\"GeoCoordinates\",\"latitude\":-23.5468322,\"longitude\":-46.705219}},\"availableLanguage\":[{\"@type\":\"Language\",\"name\":\"Portugu\u00eas\",\"alternateName\":\"pt-BR\"},{\"@type\":\"Language\",\"name\":\"English\",\"alternateName\":\"en\"},{\"@type\":\"Language\",\"name\":\"Espa\u00f1ol\",\"alternateName\":\"es\"}]},{\"@type\":\"ServiceChannel\",\"name\":\"Atenci\u00f3n online\",\"serviceUrl\":\"https:\\\/\\\/marcosalencarpsicanalista.com\\\/es\\\/es\\\/30min\\\/\",\"availableLanguage\":[{\"@type\":\"Language\",\"name\":\"Portugu\u00eas\",\"alternateName\":\"pt-BR\"},{\"@type\":\"Language\",\"name\":\"English\",\"alternateName\":\"en\"},{\"@type\":\"Language\",\"name\":\"Espa\u00f1ol\",\"alternateName\":\"es\"}]}],\"url\":\"https:\\\/\\\/marcosalencarpsicanalista.com\\\/es\\\/es\\\/#Modalidades\"},{\"@type\":\"Service\",\"@id\":\"https:\\\/\\\/marcosalencarpsicanalista.com\\\/es\\\/#terapia-breve\",\"name\":\"Terapia Breve\",\"serviceType\":\"Terapia breve focal\",\"description\":\"Un proceso terap\u00e9utico con foco y duraci\u00f3n delimitados, dirigido a una cuesti\u00f3n espec\u00edfica como estr\u00e9s, presi\u00f3n profesional, decisiones dif\u00edciles o transiciones de carrera.\",\"provider\":{\"@id\":\"https:\\\/\\\/marcosalencarpsicanalista.com\\\/es\\\/#marcos-correa-alencar\"},\"broker\":{\"@id\":\"https:\\\/\\\/marcosalencarpsicanalista.com\\\/es\\\/#consultorio-marcos-alencar\"},\"areaServed\":[{\"@type\":\"City\",\"name\":\"S\u00e3o Paulo\"},{\"@type\":\"Country\",\"name\":\"Brasil\"},{\"@type\":\"AdministrativeArea\",\"name\":\"Atendimento online internacional\"}],\"availableChannel\":[{\"@type\":\"ServiceChannel\",\"name\":\"Consultorio en S\u00e3o Paulo\",\"serviceLocation\":{\"@type\":\"Place\",\"name\":\"Consultorio en S\u00e3o Paulo\",\"address\":{\"@type\":\"PostalAddress\",\"addressLocality\":\"S\u00e3o Paulo\",\"addressRegion\":\"SP\",\"postalCode\":\"05447-140\",\"addressCountry\":\"BR\"},\"geo\":{\"@type\":\"GeoCoordinates\",\"latitude\":-23.5468322,\"longitude\":-46.705219}},\"availableLanguage\":[{\"@type\":\"Language\",\"name\":\"Portugu\u00eas\",\"alternateName\":\"pt-BR\"},{\"@type\":\"Language\",\"name\":\"English\",\"alternateName\":\"en\"},{\"@type\":\"Language\",\"name\":\"Espa\u00f1ol\",\"alternateName\":\"es\"}]},{\"@type\":\"ServiceChannel\",\"name\":\"Atenci\u00f3n online\",\"serviceUrl\":\"https:\\\/\\\/marcosalencarpsicanalista.com\\\/es\\\/es\\\/30min\\\/\",\"availableLanguage\":[{\"@type\":\"Language\",\"name\":\"Portugu\u00eas\",\"alternateName\":\"pt-BR\"},{\"@type\":\"Language\",\"name\":\"English\",\"alternateName\":\"en\"},{\"@type\":\"Language\",\"name\":\"Espa\u00f1ol\",\"alternateName\":\"es\"}]}],\"url\":\"https:\\\/\\\/marcosalencarpsicanalista.com\\\/es\\\/es\\\/#Modalidades\"},{\"@type\":\"Service\",\"@id\":\"https:\\\/\\\/marcosalencarpsicanalista.com\\\/es\\\/#supervisao-clinica\",\"name\":\"Supervisi\u00f3n Cl\u00ednica\",\"serviceType\":\"Supervis\u00e3o cl\u00ednica para profissionais de sa\u00fade mental\",\"description\":\"Supervisi\u00f3n cl\u00ednica para psic\u00f3logos, psicoanalistas, psicoterapeutas y profesionales en formaci\u00f3n.\",\"url\":\"https:\\\/\\\/marcosalencarpsicanalista.com\\\/es\\\/es\\\/supervisao-clinica\\\/\",\"provider\":{\"@id\":\"https:\\\/\\\/marcosalencarpsicanalista.com\\\/es\\\/#marcos-correa-alencar\"},\"broker\":{\"@id\":\"https:\\\/\\\/marcosalencarpsicanalista.com\\\/es\\\/#consultorio-marcos-alencar\"},\"areaServed\":[{\"@type\":\"City\",\"name\":\"S\u00e3o Paulo\"},{\"@type\":\"Country\",\"name\":\"Brasil\"},{\"@type\":\"AdministrativeArea\",\"name\":\"Atendimento online internacional\"}],\"availableChannel\":[{\"@type\":\"ServiceChannel\",\"name\":\"Consultorio en S\u00e3o Paulo\",\"serviceLocation\":{\"@type\":\"Place\",\"name\":\"Consultorio en S\u00e3o Paulo\",\"address\":{\"@type\":\"PostalAddress\",\"addressLocality\":\"S\u00e3o Paulo\",\"addressRegion\":\"SP\",\"postalCode\":\"05447-140\",\"addressCountry\":\"BR\"},\"geo\":{\"@type\":\"GeoCoordinates\",\"latitude\":-23.5468322,\"longitude\":-46.705219}},\"availableLanguage\":[{\"@type\":\"Language\",\"name\":\"Portugu\u00eas\",\"alternateName\":\"pt-BR\"},{\"@type\":\"Language\",\"name\":\"English\",\"alternateName\":\"en\"},{\"@type\":\"Language\",\"name\":\"Espa\u00f1ol\",\"alternateName\":\"es\"}]},{\"@type\":\"ServiceChannel\",\"name\":\"Atenci\u00f3n online\",\"serviceUrl\":\"https:\\\/\\\/marcosalencarpsicanalista.com\\\/es\\\/es\\\/30min\\\/\",\"availableLanguage\":[{\"@type\":\"Language\",\"name\":\"Portugu\u00eas\",\"alternateName\":\"pt-BR\"},{\"@type\":\"Language\",\"name\":\"English\",\"alternateName\":\"en\"},{\"@type\":\"Language\",\"name\":\"Espa\u00f1ol\",\"alternateName\":\"es\"}]}]},{\"@type\":\"Service\",\"@id\":\"https:\\\/\\\/marcosalencarpsicanalista.com\\\/es\\\/#primeira-conversa\",\"name\":\"Primera conversaci\u00f3n online de 30 minutos\",\"serviceType\":\"Conversa inicial online de 30 minutos\",\"description\":\"Una conversaci\u00f3n inicial online, gratuita y sin compromiso, de 30 minutos, para conocer la demanda y considerar la posibilidad de comenzar el proceso terap\u00e9utico.\",\"url\":\"https:\\\/\\\/marcosalencarpsicanalista.com\\\/es\\\/es\\\/30min\\\/\",\"provider\":{\"@id\":\"https:\\\/\\\/marcosalencarpsicanalista.com\\\/es\\\/#marcos-correa-alencar\"},\"areaServed\":[{\"@type\":\"City\",\"name\":\"S\u00e3o Paulo\"},{\"@type\":\"Country\",\"name\":\"Brasil\"},{\"@type\":\"AdministrativeArea\",\"name\":\"Atendimento online internacional\"}],\"availableChannel\":[{\"@type\":\"ServiceChannel\",\"name\":\"Atenci\u00f3n online\",\"serviceUrl\":\"https:\\\/\\\/marcosalencarpsicanalista.com\\\/es\\\/es\\\/30min\\\/\",\"availableLanguage\":[{\"@type\":\"Language\",\"name\":\"Portugu\u00eas\",\"alternateName\":\"pt-BR\"},{\"@type\":\"Language\",\"name\":\"English\",\"alternateName\":\"en\"},{\"@type\":\"Language\",\"name\":\"Espa\u00f1ol\",\"alternateName\":\"es\"}]}],\"offers\":{\"@id\":\"https:\\\/\\\/marcosalencarpsicanalista.com\\\/es\\\/#oferta-primeira-conversa\"}},{\"@type\":\"Offer\",\"@id\":\"https:\\\/\\\/marcosalencarpsicanalista.com\\\/es\\\/#oferta-primeira-conversa\",\"name\":\"Primera conversaci\u00f3n online de 30 minutos\",\"url\":\"https:\\\/\\\/marcosalencarpsicanalista.com\\\/es\\\/es\\\/30min\\\/\",\"price\":\"0\",\"priceCurrency\":\"BRL\",\"itemOffered\":{\"@id\":\"https:\\\/\\\/marcosalencarpsicanalista.com\\\/es\\\/#primeira-conversa\"},\"seller\":{\"@id\":\"https:\\\/\\\/marcosalencarpsicanalista.com\\\/es\\\/#consultorio-marcos-alencar\"}}]}<\/script>\n<!-- \/ Yoast SEO Premium plugin. -->","yoast_head_json":{"title":"Terapia breve: \u00bfqu\u00e9 es y para qui\u00e9n est\u00e1 indicada?","description":"Comprenda qu\u00e9 es la terapia breve, para qui\u00e9n es adecuada, cu\u00e1nto tiempo puede durar y cu\u00e1ndo esta modalidad podr\u00eda ser la mejor opci\u00f3n.","robots":{"index":"index","follow":"follow","max-snippet":"max-snippet:-1","max-image-preview":"max-image-preview:large","max-video-preview":"max-video-preview:-1"},"canonical":"https:\/\/marcosalencarpsicanalista.com\/es\/terapia-breve-que-es-y-para-quien-esta-indicada\/","og_locale":"es_ES","og_type":"article","og_title":"Terapia breve: o que \u00e9 e para quem \u00e9 indicada?","og_description":"Entenda o que \u00e9 terapia breve, para quem ela \u00e9 indicada, quanto tempo pode durar e quando essa modalidade pode ser a melhor escolha.","og_url":"https:\/\/marcosalencarpsicanalista.com\/es\/terapia-breve-que-es-y-para-quien-esta-indicada\/","og_site_name":"Marcos Alencar | Psicanalista em S\u00e3o Paulo","article_published_time":"2026-07-25T17:48:57+00:00","article_modified_time":"2026-08-03T23:36:44+00:00","og_image":[{"width":1672,"height":941,"url":"https:\/\/marcosalencarpsicanalista.com\/wp-content\/uploads\/2026\/07\/terapiabreve.png","type":"image\/png"}],"author":"admin","twitter_card":"summary_large_image","twitter_title":"Terapia breve: o que \u00e9 e para quem \u00e9 indicada?","twitter_description":"Entenda o que \u00e9 terapia breve, para quem ela \u00e9 indicada, quanto tempo pode durar e quando essa modalidade pode ser a melhor escolha.","twitter_image":"https:\/\/marcosalencarpsicanalista.com\/wp-content\/uploads\/2026\/07\/terapiabreve.png","twitter_misc":{"Escrito por":"admin","Tiempo de lectura":"7 minutos"},"schema":{"@context":"https:\/\/schema.org","@graph":[{"@type":"Article","@id":"https:\/\/marcosalencarpsicanalista.com\/terapia-breve-o-que-e-para-quem-e-indicada\/#article","isPartOf":{"@id":"https:\/\/marcosalencarpsicanalista.com\/terapia-breve-o-que-e-para-quem-e-indicada\/"},"author":{"@id":"https:\/\/marcosalencarpsicanalista.com\/es\/#marcos-correa-alencar"},"headline":"Terapia breve: o que \u00e9 e para quem \u00e9 indicada?","datePublished":"2026-07-25T17:48:57+00:00","dateModified":"2026-08-03T23:36:44+00:00","mainEntityOfPage":{"@id":"https:\/\/marcosalencarpsicanalista.com\/terapia-breve-o-que-e-para-quem-e-indicada\/"},"wordCount":1321,"publisher":{"@id":"https:\/\/marcosalencarpsicanalista.com\/es\/#consultorio-marcos-alencar"},"image":{"@id":"https:\/\/marcosalencarpsicanalista.com\/terapia-breve-o-que-e-para-quem-e-indicada\/#primaryimage"},"thumbnailUrl":"https:\/\/marcosalencarpsicanalista.com\/wp-content\/uploads\/2026\/07\/terapiabrevepost-e1785607780705.webp","articleSection":["Blog"],"inLanguage":"es-AR"},{"@type":"WebPage","@id":"https:\/\/marcosalencarpsicanalista.com\/terapia-breve-o-que-e-para-quem-e-indicada\/","url":"https:\/\/marcosalencarpsicanalista.com\/terapia-breve-o-que-e-para-quem-e-indicada\/","name":"Terapia breve: \u00bfqu\u00e9 es y para qui\u00e9n est\u00e1 indicada?","isPartOf":{"@id":"https:\/\/marcosalencarpsicanalista.com\/#website"},"primaryImageOfPage":{"@id":"https:\/\/marcosalencarpsicanalista.com\/terapia-breve-o-que-e-para-quem-e-indicada\/#primaryimage"},"image":{"@id":"https:\/\/marcosalencarpsicanalista.com\/terapia-breve-o-que-e-para-quem-e-indicada\/#primaryimage"},"thumbnailUrl":"https:\/\/marcosalencarpsicanalista.com\/wp-content\/uploads\/2026\/07\/terapiabrevepost-e1785607780705.webp","datePublished":"2026-07-25T17:48:57+00:00","dateModified":"2026-08-03T23:36:44+00:00","description":"Comprenda qu\u00e9 es la terapia breve, para qui\u00e9n es adecuada, cu\u00e1nto tiempo puede durar y cu\u00e1ndo esta modalidad podr\u00eda ser la mejor opci\u00f3n.","breadcrumb":{"@id":"https:\/\/marcosalencarpsicanalista.com\/terapia-breve-o-que-e-para-quem-e-indicada\/#breadcrumb"},"inLanguage":"es-AR","potentialAction":[{"@type":"ReadAction","target":["https:\/\/marcosalencarpsicanalista.com\/terapia-breve-o-que-e-para-quem-e-indicada\/"]}],"about":[{"@id":"https:\/\/marcosalencarpsicanalista.com\/es\/#marcos-correa-alencar"},{"@id":"https:\/\/marcosalencarpsicanalista.com\/es\/#consultorio-marcos-alencar"}]},{"@type":"ImageObject","inLanguage":"es-AR","@id":"https:\/\/marcosalencarpsicanalista.com\/terapia-breve-o-que-e-para-quem-e-indicada\/#primaryimage","url":"https:\/\/marcosalencarpsicanalista.com\/wp-content\/uploads\/2026\/07\/terapiabrevepost-e1785607780705.webp","contentUrl":"https:\/\/marcosalencarpsicanalista.com\/wp-content\/uploads\/2026\/07\/terapiabrevepost-e1785607780705.webp","width":1200,"height":400},{"@type":"BreadcrumbList","@id":"https:\/\/marcosalencarpsicanalista.com\/terapia-breve-o-que-e-para-quem-e-indicada\/#breadcrumb","itemListElement":[{"@type":"ListItem","position":1,"name":"Home","item":"https:\/\/marcosalencarpsicanalista.com\/"},{"@type":"ListItem","position":2,"name":"Terapia breve: o que \u00e9 e para quem \u00e9 indicada?"}]},{"@type":"WebSite","@id":"https:\/\/marcosalencarpsicanalista.com\/#website","url":"https:\/\/marcosalencarpsicanalista.com\/","name":"Marcos Alencar | Psicoanalista y Psic\u00f3logo","description":"Psican\u00e1lise e psicoterapia presencial em S\u00e3o Paulo e online no Brasil e no exterior.","publisher":{"@id":"https:\/\/marcosalencarpsicanalista.com\/es\/#consultorio-marcos-alencar"},"alternateName":"Marcos Alencar","potentialAction":[{"@type":"SearchAction","target":{"@type":"EntryPoint","urlTemplate":"https:\/\/marcosalencarpsicanalista.com\/?s={search_term_string}"},"query-input":{"@type":"PropertyValueSpecification","valueRequired":true,"valueName":"search_term_string"}}],"inLanguage":"es-AR","about":[{"@id":"https:\/\/marcosalencarpsicanalista.com\/es\/#marcos-correa-alencar"},{"@id":"https:\/\/marcosalencarpsicanalista.com\/es\/#consultorio-marcos-alencar"}]},{"@type":"Organization","@id":"https:\/\/marcosalencarpsicanalista.com\/#organization","name":"Marcos Alencar | Psicologo e Psicanalista","url":"https:\/\/marcosalencarpsicanalista.com\/","logo":{"@type":"ImageObject","inLanguage":"es-AR","@id":"https:\/\/marcosalencarpsicanalista.com\/#\/schema\/logo\/image\/","url":"https:\/\/marcosalencarpsicanalista.com\/wp-content\/uploads\/2026\/08\/marcosalencar-psicanalista-psicologo-sao-paulo-sp-port.png","contentUrl":"https:\/\/marcosalencarpsicanalista.com\/wp-content\/uploads\/2026\/08\/marcosalencar-psicanalista-psicologo-sao-paulo-sp-port.png","width":1122,"height":1402,"caption":"Marcos Alencar | Psicologo e Psicanalista"},"image":{"@id":"https:\/\/marcosalencarpsicanalista.com\/#\/schema\/logo\/image\/"},"description":"Psicoan\u00e1lisis y psicoterapia con Marcos Alencar, Psicoanalista y Psic\u00f3logo (CRP 06\/30117). Atenci\u00f3n presencial en S\u00e3o Paulo y online, en portugu\u00e9s, ingl\u00e9s y espa\u00f1ol. Primera conversaci\u00f3n gratuita de 30 minutos."},{"@type":"Person","@id":"https:\/\/marcosalencarpsicanalista.com\/#\/schema\/person\/4ad7e05d136010f9f356f5f5fd874544","name":"administraci\u00f3n","image":{"@type":"ImageObject","inLanguage":"es-AR","@id":"https:\/\/marcosalencarpsicanalista.com\/wp-content\/litespeed\/avatar\/11030dd59ce4df8ad890f8c5715b951e.jpg?ver=1788198069","url":"https:\/\/marcosalencarpsicanalista.com\/wp-content\/litespeed\/avatar\/11030dd59ce4df8ad890f8c5715b951e.jpg?ver=1788198069","contentUrl":"https:\/\/marcosalencarpsicanalista.com\/wp-content\/litespeed\/avatar\/11030dd59ce4df8ad890f8c5715b951e.jpg?ver=1788198069","caption":"admin"},"sameAs":["https:\/\/marcosalencarpsicanalista.com"],"url":"https:\/\/marcosalencarpsicanalista.com\/es\/author\/admin\/"},{"@type":"Person","@id":"https:\/\/marcosalencarpsicanalista.com\/es\/#marcos-correa-alencar","name":"Marcos Corr\u00eaa Alencar","alternateName":"Marcos Alencar","givenName":"Marcos","additionalName":"Corr\u00eaa","familyName":"Alencar","url":"https:\/\/marcosalencarpsicanalista.com\/es\/es\/psicanalista-marcos-alencar\/","mainEntityOfPage":{"@id":"https:\/\/marcosalencarpsicanalista.com\/es\/es\/psicanalista-marcos-alencar\/"},"image":{"@type":"ImageObject","@id":"https:\/\/marcosalencarpsicanalista.com\/es\/#imagem-marcos-alencar","url":"https:\/\/marcosalencarpsicanalista.com\/es\/wp-content\/uploads\/2026\/07\/DrMarcosAlencar.webp","contentUrl":"https:\/\/marcosalencarpsicanalista.com\/es\/wp-content\/uploads\/2026\/07\/DrMarcosAlencar.webp","caption":"Marcos Corr\u00eaa Alencar, Psicanalista e Psic\u00f3logo"},"description":"Marcos Corr\u00eaa Alencar es psicoanalista y psic\u00f3logo, registrado con el n\u00famero CRP 06\/30117. Atiende presencialmente en S\u00e3o Paulo y en l\u00ednea en Brasil y en el extranjero, en portugu\u00e9s, ingl\u00e9s y espa\u00f1ol.","jobTitle":["Psicanalista","Psic\u00f3logo"],"identifier":{"@type":"PropertyValue","propertyID":"CRP","value":"06\/30117","name":"Registro profissional no Conselho Regional de Psicologia"},"knowsLanguage":[{"@type":"Language","name":"Portugu\u00eas","alternateName":"pt-BR"},{"@type":"Language","name":"English","alternateName":"en"},{"@type":"Language","name":"Espa\u00f1ol","alternateName":"es"}],"telephone":"+55 11 91566-5300","email":"contato@marcosalencarpsicanalista.com","workLocation":{"@type":"Place","name":"S\u00e3o Paulo, SP, Brasil","address":{"@type":"PostalAddress","addressLocality":"S\u00e3o Paulo","addressRegion":"SP","postalCode":"05447-140","addressCountry":"BR"},"geo":{"@type":"GeoCoordinates","latitude":-23.5468322,"longitude":-46.705219}},"worksFor":{"@id":"https:\/\/marcosalencarpsicanalista.com\/es\/#consultorio-marcos-alencar"},"knowsAbout":["Psican\u00e1lise","Psicologia","Psicoterapia de orienta\u00e7\u00e3o anal\u00edtica","An\u00e1lise individual","Terapia breve","Autoconhecimento","Sa\u00fade mental","Subjetividade","Migra\u00e7\u00e3o e adapta\u00e7\u00e3o cultural","Tecnologia e subjetividade","Supervis\u00e3o cl\u00ednica"],"makesOffer":[{"@id":"https:\/\/marcosalencarpsicanalista.com\/es\/#oferta-primeira-conversa"}]},{"@type":"LocalBusiness","@id":"https:\/\/marcosalencarpsicanalista.com\/es\/#consultorio-marcos-alencar","name":"Marcos Alencar \u2014 Psicoanalista y psic\u00f3logo","alternateName":"Marcos Alencar","url":"https:\/\/marcosalencarpsicanalista.com\/es\/es\/","description":"Psicoan\u00e1lisis y psicoterapia de orientaci\u00f3n anal\u00edtica con Marcos Corr\u00eaa Alencar, CRP 06\/30117. Asistencia presencial en S\u00e3o Paulo y en l\u00ednea en Brasil y en el extranjero, en portugu\u00e9s, ingl\u00e9s y espa\u00f1ol.","image":{"@id":"https:\/\/marcosalencarpsicanalista.com\/es\/#imagem-marcos-alencar"},"telephone":"+55 11 91566-5300","email":"contato@marcosalencarpsicanalista.com","address":{"@type":"PostalAddress","addressLocality":"S\u00e3o Paulo","addressRegion":"SP","postalCode":"05447-140","addressCountry":"BR"},"geo":{"@type":"GeoCoordinates","latitude":-23.5468322,"longitude":-46.705219},"areaServed":[{"@type":"City","name":"S\u00e3o Paulo"},{"@type":"Country","name":"Brasil"},{"@type":"AdministrativeArea","name":"Atendimento online internacional"}],"availableLanguage":[{"@type":"Language","name":"Portugu\u00eas","alternateName":"pt-BR"},{"@type":"Language","name":"English","alternateName":"en"},{"@type":"Language","name":"Espa\u00f1ol","alternateName":"es"}],"founder":{"@id":"https:\/\/marcosalencarpsicanalista.com\/es\/#marcos-correa-alencar"},"employee":{"@id":"https:\/\/marcosalencarpsicanalista.com\/es\/#marcos-correa-alencar"},"openingHoursSpecification":[{"@type":"OpeningHoursSpecification","dayOfWeek":["https:\/\/schema.org\/Monday","https:\/\/schema.org\/Tuesday","https:\/\/schema.org\/Wednesday","https:\/\/schema.org\/Thursday","https:\/\/schema.org\/Friday"],"opens":"09:00","closes":"19:00"}],"hasOfferCatalog":{"@type":"OfferCatalog","name":"Atendimentos e servi\u00e7os","itemListElement":[{"@id":"https:\/\/marcosalencarpsicanalista.com\/es\/#analise-individual"},{"@id":"https:\/\/marcosalencarpsicanalista.com\/es\/#terapia-breve"},{"@id":"https:\/\/marcosalencarpsicanalista.com\/es\/#supervisao-clinica"},{"@id":"https:\/\/marcosalencarpsicanalista.com\/es\/#primeira-conversa"}]},"makesOffer":[{"@id":"https:\/\/marcosalencarpsicanalista.com\/es\/#oferta-primeira-conversa"}]},{"@type":"Service","@id":"https:\/\/marcosalencarpsicanalista.com\/es\/#analise-individual","name":"An\u00e1lisis individual","serviceType":"Psican\u00e1lise e psicoterapia de orienta\u00e7\u00e3o anal\u00edtica","description":"Un proceso continuo y profundo de escucha y autoconocimiento, desarrollado seg\u00fan la singularidad y el ritmo de cada persona.","provider":{"@id":"https:\/\/marcosalencarpsicanalista.com\/es\/#marcos-correa-alencar"},"broker":{"@id":"https:\/\/marcosalencarpsicanalista.com\/es\/#consultorio-marcos-alencar"},"areaServed":[{"@type":"City","name":"S\u00e3o Paulo"},{"@type":"Country","name":"Brasil"},{"@type":"AdministrativeArea","name":"Atendimento online internacional"}],"availableChannel":[{"@type":"ServiceChannel","name":"Consultorio en S\u00e3o Paulo","serviceLocation":{"@type":"Place","name":"Consultorio en S\u00e3o Paulo","address":{"@type":"PostalAddress","addressLocality":"S\u00e3o Paulo","addressRegion":"SP","postalCode":"05447-140","addressCountry":"BR"},"geo":{"@type":"GeoCoordinates","latitude":-23.5468322,"longitude":-46.705219}},"availableLanguage":[{"@type":"Language","name":"Portugu\u00eas","alternateName":"pt-BR"},{"@type":"Language","name":"English","alternateName":"en"},{"@type":"Language","name":"Espa\u00f1ol","alternateName":"es"}]},{"@type":"ServiceChannel","name":"Atenci\u00f3n online","serviceUrl":"https:\/\/marcosalencarpsicanalista.com\/es\/es\/30min\/","availableLanguage":[{"@type":"Language","name":"Portugu\u00eas","alternateName":"pt-BR"},{"@type":"Language","name":"English","alternateName":"en"},{"@type":"Language","name":"Espa\u00f1ol","alternateName":"es"}]}],"url":"https:\/\/marcosalencarpsicanalista.com\/es\/es\/#Modalidades"},{"@type":"Service","@id":"https:\/\/marcosalencarpsicanalista.com\/es\/#terapia-breve","name":"Terapia Breve","serviceType":"Terapia breve focal","description":"Un proceso terap\u00e9utico con un enfoque y una duraci\u00f3n definidos, dirigido a situaciones espec\u00edficas como el estr\u00e9s, la presi\u00f3n profesional, las decisiones dif\u00edciles o las transiciones profesionales.","provider":{"@id":"https:\/\/marcosalencarpsicanalista.com\/es\/#marcos-correa-alencar"},"broker":{"@id":"https:\/\/marcosalencarpsicanalista.com\/es\/#consultorio-marcos-alencar"},"areaServed":[{"@type":"City","name":"S\u00e3o Paulo"},{"@type":"Country","name":"Brasil"},{"@type":"AdministrativeArea","name":"Atendimento online internacional"}],"availableChannel":[{"@type":"ServiceChannel","name":"Consultorio en S\u00e3o Paulo","serviceLocation":{"@type":"Place","name":"Consultorio en S\u00e3o Paulo","address":{"@type":"PostalAddress","addressLocality":"S\u00e3o Paulo","addressRegion":"SP","postalCode":"05447-140","addressCountry":"BR"},"geo":{"@type":"GeoCoordinates","latitude":-23.5468322,"longitude":-46.705219}},"availableLanguage":[{"@type":"Language","name":"Portugu\u00eas","alternateName":"pt-BR"},{"@type":"Language","name":"English","alternateName":"en"},{"@type":"Language","name":"Espa\u00f1ol","alternateName":"es"}]},{"@type":"ServiceChannel","name":"Atenci\u00f3n online","serviceUrl":"https:\/\/marcosalencarpsicanalista.com\/es\/es\/30min\/","availableLanguage":[{"@type":"Language","name":"Portugu\u00eas","alternateName":"pt-BR"},{"@type":"Language","name":"English","alternateName":"en"},{"@type":"Language","name":"Espa\u00f1ol","alternateName":"es"}]}],"url":"https:\/\/marcosalencarpsicanalista.com\/es\/es\/#Modalidades"},{"@type":"Service","@id":"https:\/\/marcosalencarpsicanalista.com\/es\/#supervisao-clinica","name":"Supervisi\u00f3n cl\u00ednica","serviceType":"Supervis\u00e3o cl\u00ednica para profissionais de sa\u00fade mental","description":"Supervisi\u00f3n cl\u00ednica para psic\u00f3logos, psicoanalistas, psicoterapeutas y profesionales en formaci\u00f3n.","url":"https:\/\/marcosalencarpsicanalista.com\/es\/es\/supervisao-clinica\/","provider":{"@id":"https:\/\/marcosalencarpsicanalista.com\/es\/#marcos-correa-alencar"},"broker":{"@id":"https:\/\/marcosalencarpsicanalista.com\/es\/#consultorio-marcos-alencar"},"areaServed":[{"@type":"City","name":"S\u00e3o Paulo"},{"@type":"Country","name":"Brasil"},{"@type":"AdministrativeArea","name":"Atendimento online internacional"}],"availableChannel":[{"@type":"ServiceChannel","name":"Consultorio en S\u00e3o Paulo","serviceLocation":{"@type":"Place","name":"Consultorio en S\u00e3o Paulo","address":{"@type":"PostalAddress","addressLocality":"S\u00e3o Paulo","addressRegion":"SP","postalCode":"05447-140","addressCountry":"BR"},"geo":{"@type":"GeoCoordinates","latitude":-23.5468322,"longitude":-46.705219}},"availableLanguage":[{"@type":"Language","name":"Portugu\u00eas","alternateName":"pt-BR"},{"@type":"Language","name":"English","alternateName":"en"},{"@type":"Language","name":"Espa\u00f1ol","alternateName":"es"}]},{"@type":"ServiceChannel","name":"Atenci\u00f3n online","serviceUrl":"https:\/\/marcosalencarpsicanalista.com\/es\/es\/30min\/","availableLanguage":[{"@type":"Language","name":"Portugu\u00eas","alternateName":"pt-BR"},{"@type":"Language","name":"English","alternateName":"en"},{"@type":"Language","name":"Espa\u00f1ol","alternateName":"es"}]}]},{"@type":"Service","@id":"https:\/\/marcosalencarpsicanalista.com\/es\/#primeira-conversa","name":"Primera conversaci\u00f3n en l\u00ednea de 30 minutos","serviceType":"Conversa inicial online de 30 minutos","description":"Una primera conversaci\u00f3n online, gratuita y sin compromiso, de 30 minutos de duraci\u00f3n, para comprender las necesidades y considerar la posibilidad de iniciar el proceso terap\u00e9utico.","url":"https:\/\/marcosalencarpsicanalista.com\/es\/es\/30min\/","provider":{"@id":"https:\/\/marcosalencarpsicanalista.com\/es\/#marcos-correa-alencar"},"areaServed":[{"@type":"City","name":"S\u00e3o Paulo"},{"@type":"Country","name":"Brasil"},{"@type":"AdministrativeArea","name":"Atendimento online internacional"}],"availableChannel":[{"@type":"ServiceChannel","name":"Atenci\u00f3n online","serviceUrl":"https:\/\/marcosalencarpsicanalista.com\/es\/es\/30min\/","availableLanguage":[{"@type":"Language","name":"Portugu\u00eas","alternateName":"pt-BR"},{"@type":"Language","name":"English","alternateName":"en"},{"@type":"Language","name":"Espa\u00f1ol","alternateName":"es"}]}],"offers":{"@id":"https:\/\/marcosalencarpsicanalista.com\/es\/#oferta-primeira-conversa"}},{"@type":"Offer","@id":"https:\/\/marcosalencarpsicanalista.com\/es\/#oferta-primeira-conversa","name":"Primera conversaci\u00f3n en l\u00ednea de 30 minutos","url":"https:\/\/marcosalencarpsicanalista.com\/es\/es\/30min\/","price":"0","priceCurrency":"BRL","itemOffered":{"@id":"https:\/\/marcosalencarpsicanalista.com\/es\/#primeira-conversa"},"seller":{"@id":"https:\/\/marcosalencarpsicanalista.com\/es\/#consultorio-marcos-alencar"}}]}},"_links":{"self":[{"href":"https:\/\/marcosalencarpsicanalista.com\/es\/wp-json\/wp\/v2\/posts\/1420","targetHints":{"allow":["GET"]}}],"collection":[{"href":"https:\/\/marcosalencarpsicanalista.com\/es\/wp-json\/wp\/v2\/posts"}],"about":[{"href":"https:\/\/marcosalencarpsicanalista.com\/es\/wp-json\/wp\/v2\/types\/post"}],"author":[{"embeddable":true,"href":"https:\/\/marcosalencarpsicanalista.com\/es\/wp-json\/wp\/v2\/users\/1"}],"replies":[{"embeddable":true,"href":"https:\/\/marcosalencarpsicanalista.com\/es\/wp-json\/wp\/v2\/comments?post=1420"}],"version-history":[{"count":25,"href":"https:\/\/marcosalencarpsicanalista.com\/es\/wp-json\/wp\/v2\/posts\/1420\/revisions"}],"predecessor-version":[{"id":2205,"href":"https:\/\/marcosalencarpsicanalista.com\/es\/wp-json\/wp\/v2\/posts\/1420\/revisions\/2205"}],"wp:featuredmedia":[{"embeddable":true,"href":"https:\/\/marcosalencarpsicanalista.com\/es\/wp-json\/wp\/v2\/media\/1436"}],"wp:attachment":[{"href":"https:\/\/marcosalencarpsicanalista.com\/es\/wp-json\/wp\/v2\/media?parent=1420"}],"wp:term":[{"taxonomy":"category","embeddable":true,"href":"https:\/\/marcosalencarpsicanalista.com\/es\/wp-json\/wp\/v2\/categories?post=1420"},{"taxonomy":"post_tag","embeddable":true,"href":"https:\/\/marcosalencarpsicanalista.com\/es\/wp-json\/wp\/v2\/tags?post=1420"}],"curies":[{"name":"wp","href":"https:\/\/api.w.org\/{rel}","templated":true}]}}