{"id":1288,"date":"2026-07-24T16:14:22","date_gmt":"2026-07-24T19:14:22","guid":{"rendered":"https:\/\/marcosalencarpsicanalista.com\/?p=1288"},"modified":"2026-08-03T20:37:03","modified_gmt":"2026-08-03T23:37:03","slug":"el-individuo-en-relacion-con-la-tecnologia","status":"publish","type":"post","link":"https:\/\/marcosalencarpsicanalista.com\/es\/o-sujeito-diante-da-tecnologia\/","title":{"rendered":"El sujeto frente a la tecnolog\u00eda: una lectura psicoanal\u00edtica"},"content":{"rendered":"<div data-elementor-type=\"wp-post\" data-elementor-id=\"1288\" class=\"elementor elementor-1288\">\n\t\t\t\t<div class=\"elementor-element elementor-element-ef0764e e-flex e-con-boxed wpr-particle-no wpr-jarallax-no wpr-parallax-no wpr-sticky-section-no wpr-column-slider-no wpr-equal-height-no e-con e-parent\" data-id=\"ef0764e\" data-element_type=\"container\" data-e-type=\"container\" data-settings=\"{&quot;background_background&quot;:&quot;classic&quot;}\">\n\t\t\t\t\t<div class=\"e-con-inner\">\n\t\t\t\t<div class=\"elementor-element elementor-element-913d499 elementor-widget elementor-widget-heading\" data-id=\"913d499\" data-element_type=\"widget\" data-e-type=\"widget\" data-widget_type=\"heading.default\">\n\t\t\t\t\t<h1 class=\"elementor-heading-title elementor-size-default\">Tecnolog\u00eda y subjetividad contempor\u00e1nea<\/h1>\t\t\t\t<\/div>\n\t\t\t\t<div class=\"elementor-element elementor-element-6b181b0 elementor-widget elementor-widget-text-editor\" data-id=\"6b181b0\" data-element_type=\"widget\" data-e-type=\"widget\" data-widget_type=\"text-editor.default\">\n\t\t\t\t\t\t\t\t\t<strong>El sujeto contempor\u00e1neo en una condici\u00f3n posontol\u00f3gica<\/strong>\t\t\t\t\t\t\t\t<\/div>\n\t\t\t\t\t<\/div>\n\t\t\t\t<\/div>\n\t\t<div class=\"elementor-element elementor-element-5ef3116 e-flex e-con-boxed wpr-particle-no wpr-jarallax-no wpr-parallax-no wpr-sticky-section-no wpr-column-slider-no wpr-equal-height-no e-con e-parent\" data-id=\"5ef3116\" data-element_type=\"container\" data-e-type=\"container\" data-settings=\"{&quot;background_background&quot;:&quot;classic&quot;}\">\n\t\t\t\t\t<div class=\"e-con-inner\">\n\t\t\t\t<div class=\"elementor-element elementor-element-bb5d0f0 elementor-widget elementor-widget-text-editor\" data-id=\"bb5d0f0\" data-element_type=\"widget\" data-e-type=\"widget\" data-widget_type=\"text-editor.default\">\n\t\t\t\t\t\t\t\t\t<div class=\"artigo-suica\">\n\n  <p class=\"artigo-abertura\">\n    La tecnolog\u00eda suele presentarse como algo que utilizamos. Tomamos el celular, abrimos una plataforma, consultamos una informaci\u00f3n, respondemos a un mensaje o recurrimos a un sistema de inteligencia artificial. Desde esta perspectiva, habr\u00eda, por un lado, una persona ya constituida, con sus deseos, pensamientos y elecciones; y, por otro, instrumentos empleados para alcanzar determinados objetivos.\n  <\/p>\n\n  <p>\n    Esta comprensi\u00f3n no es del todo incorrecta. Un smartphone es, de hecho, una herramienta. Una plataforma puede utilizarse para trabajar, estudiar, comunicarse o entretenerse. El problema es que esta descripci\u00f3n ya no parece suficiente ante el lugar que las tecnolog\u00edas han pasado a ocupar en la vida cotidiana.\n  <\/p>\n\n  <p class=\"artigo-destaque\">\n    No estamos simplemente utilizando dispositivos. Vivimos en entornos cada vez m\u00e1s organizados por plataformas, algoritmos y sistemas digitales.\n  <\/p>\n\n  <p>\n    Nos despertamos con la alarma del celular, seguimos rutas indicadas por aplicaciones, recibimos noticias seleccionadas por plataformas, trabajamos frente a pantallas y terminamos el d\u00eda recorriendo contenidos elegidos por sistemas de recomendaci\u00f3n. Parte de nuestros recuerdos est\u00e1 almacenada en m\u00e1quinas, nuestros h\u00e1bitos dejan rastros y nuestras preferencias se transforman en datos. La pregunta, por lo tanto, no es solo qu\u00e9 hacemos con la tecnolog\u00eda, sino qu\u00e9 nos ocurre cuando pasa a integrar de manera continua el entorno en el que vivimos.\n  <\/p>\n\n  <h2>La tecnolog\u00eda como entorno<\/h2>\n\n  <p>\n    Cada \u00e9poca organiza de un modo particular la relaci\u00f3n de las personas con el tiempo, el cuerpo, la memoria, el lenguaje y los dem\u00e1s. La escritura modific\u00f3 la transmisi\u00f3n de la palabra; la fotograf\u00eda alter\u00f3 nuestra relaci\u00f3n con la imagen y el pasado; la radio, el cine y la televisi\u00f3n crearon nuevas formas de presencia a distancia. Las invenciones humanas nunca han sido completamente neutrales. Tambi\u00e9n transforman a quienes las inventan y utilizan.\n  <\/p>\n\n  <p>\n    Lo que quiz\u00e1 distingue al presente es la intensidad de esa presencia. Los dispositivos digitales nos acompa\u00f1an durante pr\u00e1cticamente todo el d\u00eda y se han convertido en parte de los contextos en los que trabajamos, nos relacionamos, buscamos reconocimiento, expresamos opiniones y construimos im\u00e1genes de nosotros mismos. Una herramienta puede utilizarse y luego guardarse. Un entorno, en cambio, organiza las condiciones dentro de las cuales tiene lugar la experiencia.\n  <\/p>\n\n  <p>\n    El celular participa de nuestros ritmos, nuestros h\u00e1bitos y nuestra relaci\u00f3n con la ausencia, la espera y la disponibilidad. Las plataformas no solo reciben aquello que decidimos publicar: tambi\u00e9n seleccionan lo que veremos, lo que se repetir\u00e1, lo que adquirir\u00e1 relevancia y lo que permanecer\u00e1 invisible. No determinan por completo lo que pensamos o deseamos, pero participan en la organizaci\u00f3n del campo en el que aparecen pensamientos, im\u00e1genes y objetos de deseo.\n  <\/p>\n\n  <h2>Atenci\u00f3n, deseo y memoria<\/h2>\n\n  <h3>La atenci\u00f3n permanentemente convocada<\/h3>\n\n  <p>\n    La atenci\u00f3n se ha convertido en uno de los principales territorios de la vida tecnol\u00f3gica. Las notificaciones, los mensajes, los videos breves y las recomendaciones disputan continuamente nuestra capacidad de permanecer ante algo. El flujo rara vez se interrumpe: cuando un contenido termina, el siguiente ya est\u00e1 disponible. Esta din\u00e1mica puede producir una experiencia parad\u00f3jica, marcada por una actividad permanente y, al mismo tiempo, por una dificultad creciente para sostener la atenci\u00f3n. Leemos sin detenernos, escuchamos mientras realizamos otra tarea e interrumpimos una experiencia para registrar que estamos viviendo esa experiencia.\n  <\/p>\n\n  <p>\n    Muchas veces respondemos antes de comprender plenamente lo que sentimos. Esto no significa que las personas hayan perdido simplemente la capacidad de atenci\u00f3n, sino que la atenci\u00f3n se forma hoy en entornos que exigen cambios r\u00e1pidos de foco, respuestas inmediatas y disponibilidad continua. En la cl\u00ednica, esta condici\u00f3n puede manifestarse como inquietud ante el silencio, angustia cuando no hay respuesta, sensaci\u00f3n de estar siempre atrasado o necesidad de llenar cualquier intervalo con alg\u00fan est\u00edmulo.\n  <\/p>\n\n  <h3>El deseo y los objetos seleccionados<\/h3>\n\n  <p>\n    El deseo tambi\u00e9n est\u00e1 atravesado por este entorno. El psicoan\u00e1lisis ha mostrado que no siempre sabemos por qu\u00e9 queremos lo que queremos. Deseamos de manera contradictoria, repetimos elecciones que nos hacen sufrir e investimos en objetos que no ofrecen la satisfacci\u00f3n esperada. Las plataformas a\u00f1aden una nueva dimensi\u00f3n a esta relaci\u00f3n porque registran comportamientos, identifican patrones y presentan contenidos calculados para aumentar la probabilidad de continuidad, inter\u00e9s o consumo.\n  <\/p>\n\n  <p>\n    Un algoritmo no conoce el deseo en el sentido psicoanal\u00edtico. Puede reconocer regularidades en elecciones anteriores, pero no alcanza la singularidad de una historia, la ambivalencia de un v\u00ednculo ni el sentido de un s\u00edntoma. Aun as\u00ed, aquello que se calcula regresa a la persona, que pasa a encontrarse con versiones organizadas de sus propias preferencias: aquello que supuestamente le gusta, lo que probablemente comprar\u00e1, la m\u00fasica que se ajusta a su perfil o la opini\u00f3n que tiende a confirmar sus creencias.\n  <\/p>\n\n  <p class=\"artigo-pergunta\">\n    \u00bfHasta qu\u00e9 punto elegimos aquello que encontramos y hasta qu\u00e9 punto comenzamos a desear dentro de un campo previamente seleccionado?\n  <\/p>\n\n  <h3>La memoria reapresentada por las plataformas<\/h3>\n\n  <p>\n    Algo semejante ocurre con la memoria. Las fotograf\u00edas, las conversaciones, los historiales de b\u00fasqueda, las agendas y las publicaciones funcionan como extensiones de nuestra capacidad para registrar acontecimientos. Esto puede ser sumamente \u00fatil, pero estas tecnolog\u00edas no solo almacenan recuerdos: tambi\u00e9n deciden cu\u00e1ndo volver a presentarlos. Una fotograf\u00eda antigua aparece sin haber sido buscada, una conversaci\u00f3n reaparece mediante una b\u00fasqueda y una plataforma organiza retrospectivas seleccionando qu\u00e9 acontecimientos representar\u00e1n un determinado per\u00edodo de la vida.\n  <\/p>\n\n  <p class=\"artigo-frase-final\">\n    La tecnolog\u00eda preserva los rastros. Pero preservar un rastro no significa elaborar una experiencia.\n  <\/p>\n\n  <h2>Cuerpo, identidad y datos<\/h2>\n\n  <p>\n    El cuerpo tambi\u00e9n ha pasado a existir como objeto de medici\u00f3n continua. Los relojes y las aplicaciones registran pasos, frecuencia card\u00edaca, horas de sue\u00f1o, alimentaci\u00f3n, ejercicio, productividad y per\u00edodos de descanso. Estos recursos pueden contribuir al cuidado de la salud, pero el cuerpo registrado no es id\u00e9ntico al cuerpo vivido. Es posible despertarse sinti\u00e9ndose descansado y, al consultar una aplicaci\u00f3n, descubrir que la puntuaci\u00f3n del sue\u00f1o fue baja; o realizar una caminata agradable y, al final, sentir frustraci\u00f3n porque no se alcanz\u00f3 la meta diaria.\n  <\/p>\n\n  <p>\n    Poco a poco, la experiencia comienza a compararse con la interpretaci\u00f3n producida por el dispositivo. Los n\u00fameros pasan a participar en la manera en que la persona se percibe a s\u00ed misma. Esto puede favorecer el conocimiento y el cuidado, pero tambi\u00e9n la vigilancia, la ansiedad, la culpa y el distanciamiento de la propia experiencia corporal.\n  <\/p>\n\n  <p>\n    Lo mismo ocurre con la imagen de s\u00ed. La identidad nunca ha sido completamente privada: construimos qui\u00e9nes somos en las relaciones, en el lenguaje, en el reconocimiento, en los conflictos y en las historias que contamos sobre nuestra vida. Las plataformas digitales a\u00f1aden nuevas capas a este proceso. Los perfiles, las fotograf\u00edas, los seguidores, las reacciones, los comentarios y las valoraciones pasan a formar parte de la experiencia de reconocimiento, y la presentaci\u00f3n de s\u00ed corre el riesgo de dejar de ser \u00fanicamente una forma de expresi\u00f3n para convertirse en una forma de administraci\u00f3n.\n  <\/p>\n\n  <p>\n    Al mismo tiempo, los sistemas producen inferencias. El individuo es clasificado seg\u00fan su edad, ubicaci\u00f3n, intereses, comportamiento, poder adquisitivo o probabilidad de realizar una determinada acci\u00f3n. Estas clasificaciones pueden influir en los contenidos, las oportunidades y las elecciones, pero ninguna de ellas agota lo que una persona es.\n  <\/p>\n\n  <p class=\"artigo-destaque\">\n    Siempre existe una diferencia entre el perfil y el sujeto\n  <\/p>\n\n  <h2>Lo que puede decir el psicoan\u00e1lisis<\/h2>\n\n  <p>\n    El psicoan\u00e1lisis naci\u00f3 de una ruptura con la imagen de un ser humano enteramente consciente, racional y due\u00f1o de sus decisiones. Freud mostr\u00f3 que el yo no gobierna plenamente su propia vida ps\u00edquica: estamos atravesados por deseos, conflictos, fantas\u00edas y repeticiones que no controlamos por completo. Lacan profundiz\u00f3 este descentramiento al mostrar que el sujeto se constituye en el lenguaje y en la relaci\u00f3n con el Otro.\n  <\/p>\n\n  <p>\n    Otros autores destacaron la importancia del entorno, del cuidado, de las primeras relaciones, del cuerpo y de los procesos de simbolizaci\u00f3n. La idea de un sujeto relacional, dividido y no completamente transparente para s\u00ed mismo ya estaba, por lo tanto, presente en el psicoan\u00e1lisis. La condici\u00f3n tecnol\u00f3gica contempor\u00e1nea exige ampliar esta investigaci\u00f3n.\n  <\/p>\n\n  <p>\n    Si el sujeto se constituye en relaci\u00f3n con el lenguaje, el cuerpo, los otros y el entorno, debemos reconocer que ese entorno est\u00e1 cada vez m\u00e1s organizado por dispositivos, plataformas y sistemas t\u00e9cnicos. Esto no significa sustituir a los padres, los v\u00ednculos, la cultura o el inconsciente por algoritmos, ni afirmar que la tecnolog\u00eda lo explica todo. Significa comprender que ha pasado a participar en las condiciones en las que las ausencias son sentidas, los recuerdos regresan, los objetos son deseados y las im\u00e1genes de s\u00ed son construidas.\n  <\/p>\n\n  <h2>La tecnolog\u00eda tambi\u00e9n entra en el consultorio<\/h2>\n\n  <p>\n    En la cl\u00ednica, la tecnolog\u00eda no aparece \u00fanicamente cuando alguien habla del uso excesivo del celular o de conflictos en las redes sociales. Est\u00e1 presente en la expectativa de respuestas inmediatas, en el miedo a desaparecer del campo visual del otro, en la comparaci\u00f3n constante, en la necesidad de rendimiento y en la dificultad para interrumpir los est\u00edmulos.\n  <\/p>\n\n  <p>\n    Tambi\u00e9n participa del propio encuadre cl\u00ednico. En el an\u00e1lisis o la psicoterapia en l\u00ednea, la c\u00e1mara, el sonido, la conexi\u00f3n, el espacio dom\u00e9stico, las notificaciones y la privacidad no son detalles externos: integran las condiciones concretas del encuentro. La presencia deja de depender exclusivamente de la proximidad f\u00edsica. Es posible estar ps\u00edquicamente distante en la misma habitaci\u00f3n y profundamente implicado en una conversaci\u00f3n mediada por una pantalla.\n  <\/p>\n\n  <p>\n    Al mismo tiempo, la mediaci\u00f3n t\u00e9cnica produce l\u00edmites que deben ser reconocidos. Una falla de conexi\u00f3n interrumpe una intervenci\u00f3n, la c\u00e1mara encuadra solo una parte del cuerpo y el paciente puede encontrarse en un entorno en el que no se siente completamente protegido para hablar. La tecnolog\u00eda no anula la relaci\u00f3n cl\u00ednica, pero participa en la forma que esta adquiere.\n  <\/p>\n\n  <h2>Una condici\u00f3n posontol\u00f3gica<\/h2>\n\n  <p>\n    Podemos llamar condici\u00f3n posontol\u00f3gica a la situaci\u00f3n en la que ya no parece suficiente pensar al ser humano como una entidad aislada, estable y anterior a las relaciones que establece. El t\u00e9rmino no indica la desaparici\u00f3n de lo humano, sino que busca reconocer que el sujeto se constituye en relaciones hist\u00f3ricas, corporales, simb\u00f3licas, afectivas y t\u00e9cnicas.\n  <\/p>\n\n  <p>\n    No somos completamente aut\u00f3nomos con respecto a los entornos en los que vivimos, pero tampoco somos productos pasivos de esos entornos. El sujeto emerge en ese espacio de tensi\u00f3n, atravesado por el lenguaje, el inconsciente, la cultura, los v\u00ednculos y, cada vez m\u00e1s, por sistemas t\u00e9cnicos que registran, seleccionan y modulan partes de su experiencia.\n  <\/p>\n\n  <p>\n    Pensar psicoanal\u00edticamente la tecnolog\u00eda no significa preguntarse \u00fanicamente qu\u00e9 nos hacen los dispositivos. Significa investigar c\u00f3mo participan en las condiciones en las que nos convertimos en aquello que somos. Y significa preservar una diferencia fundamental: entre aquello que puede registrarse sobre una persona y aquello que solo puede surgir cuando encuentra un lugar para hablar.\n  <\/p>\n\n  <p>\n    Es en esa diferencia donde la escucha psicoanal\u00edtica contin\u00faa encontrando su pertinencia, su responsabilidad y su fuerza.\n  <\/p>\n\n  <hr>\n\n  <h2>\u00bfQuieres profundizar en esta discusi\u00f3n?<\/h2>\n\n  <p>\n    El Grupo de Estudio sobre Psicoan\u00e1lisis, Tecnolog\u00eda y Salud Mental investiga c\u00f3mo las transformaciones tecnol\u00f3gicas contempor\u00e1neas participan en la constituci\u00f3n del sujeto, los v\u00ednculos, la memoria, el deseo y la experiencia cl\u00ednica.\n  <\/p>\n\n  <p>\n    <a href=\"https:\/\/marcosalencarpsicanalista.com\/es\/grupo-de-estudo\/\">Conoce el Grupo de Estudio \u2192<\/a>\n  <\/p>\n\n<\/div>\t\t\t\t\t\t\t\t<\/div>\n\t\t\t\t\t<\/div>\n\t\t\t\t<\/div>\n\t\t\t\t<\/div>","protected":false},"excerpt":{"rendered":"<p>A tecnologia costuma ser apresentada como algo que utilizamos. Pegamos o celular, abrimos uma plataforma, consultamos uma informa\u00e7\u00e3o, respondemos a uma mensagem ou recorremos a um sistema de intelig\u00eancia artificial. Nessa perspectiva, haveria, de um lado, uma pessoa j\u00e1 constitu\u00edda, com seus desejos, pensamentos e escolhas; de outro, instrumentos que ela emprega para alcan\u00e7ar determinados objetivos.<\/p>","protected":false},"author":1,"featured_media":1743,"comment_status":"closed","ping_status":"open","sticky":false,"template":"elementor_header_footer","format":"standard","meta":{"footnotes":""},"categories":[1],"tags":[],"class_list":["post-1288","post","type-post","status-publish","format-standard","has-post-thumbnail","hentry","category-blog"],"yoast_head":"<!-- This site is optimized with the Yoast SEO Premium plugin v28.2 (Yoast SEO v28.4) - https:\/\/yoast.com\/product\/yoast-seo-premium-wordpress\/ -->\n<title>O sujeito diante da tecnologia: uma leitura psicanal\u00edtica | Marcos Alencar<\/title>\n<meta name=\"description\" content=\"Uma leitura psicanal\u00edtica sobre como tecnologias, plataformas e algoritmos participam da forma\u00e7\u00e3o do desejo, da mem\u00f3ria, do corpo e da identidade.\" \/>\n<meta name=\"robots\" content=\"index, follow, max-snippet:-1, max-image-preview:large, max-video-preview:-1\" \/>\n<link rel=\"canonical\" href=\"https:\/\/marcosalencarpsicanalista.com\/es\/el-individuo-en-relacion-con-la-tecnologia\/\" \/>\n<meta property=\"og:locale\" content=\"es_ES\" \/>\n<meta property=\"og:type\" content=\"article\" \/>\n<meta property=\"og:title\" content=\"O sujeito diante da tecnologia: uma leitura psicanal\u00edtica\" \/>\n<meta property=\"og:description\" content=\"Uma leitura psicanal\u00edtica sobre como tecnologias, plataformas e algoritmos participam da forma\u00e7\u00e3o do desejo, da mem\u00f3ria, do corpo e da identidade.\" \/>\n<meta property=\"og:url\" content=\"https:\/\/marcosalencarpsicanalista.com\/es\/el-individuo-en-relacion-con-la-tecnologia\/\" \/>\n<meta property=\"og:site_name\" content=\"Marcos Alencar | Psicanalista em S\u00e3o Paulo\" \/>\n<meta property=\"article:published_time\" content=\"2026-07-24T19:14:22+00:00\" \/>\n<meta property=\"article:modified_time\" content=\"2026-08-03T23:37:03+00:00\" \/>\n<meta property=\"og:image\" content=\"https:\/\/marcosalencarpsicanalista.com\/wp-content\/uploads\/2026\/07\/Switzerland.png\" \/>\n\t<meta property=\"og:image:width\" content=\"2172\" \/>\n\t<meta property=\"og:image:height\" content=\"724\" \/>\n\t<meta property=\"og:image:type\" content=\"image\/png\" \/>\n<meta name=\"author\" content=\"admin\" \/>\n<meta name=\"twitter:card\" content=\"summary_large_image\" \/>\n<meta name=\"twitter:title\" content=\"O sujeito diante da tecnologia: uma leitura psicanal\u00edtica\" \/>\n<meta name=\"twitter:description\" content=\"Uma leitura psicanal\u00edtica sobre como tecnologias, plataformas e algoritmos participam da forma\u00e7\u00e3o do desejo, da mem\u00f3ria, do corpo e da identidade.\" \/>\n<meta name=\"twitter:image\" content=\"https:\/\/marcosalencarpsicanalista.com\/wp-content\/uploads\/2026\/07\/Switzerland.png\" \/>\n<meta name=\"twitter:label1\" content=\"Escrito por\" \/>\n\t<meta name=\"twitter:data1\" content=\"admin\" \/>\n\t<meta name=\"twitter:label2\" content=\"Tiempo de lectura\" \/>\n\t<meta name=\"twitter:data2\" content=\"10 minutos\" \/>\n<script type=\"application\/ld+json\" class=\"yoast-schema-graph\">{\"@context\":\"https:\\\/\\\/schema.org\",\"@graph\":[{\"@type\":\"Article\",\"@id\":\"https:\\\/\\\/marcosalencarpsicanalista.com\\\/o-sujeito-diante-da-tecnologia\\\/#article\",\"isPartOf\":{\"@id\":\"https:\\\/\\\/marcosalencarpsicanalista.com\\\/o-sujeito-diante-da-tecnologia\\\/\"},\"author\":{\"@id\":\"https:\\\/\\\/marcosalencarpsicanalista.com\\\/es\\\/#marcos-correa-alencar\"},\"headline\":\"O sujeito diante da tecnologia: uma leitura psicanal\u00edtica\",\"datePublished\":\"2026-07-24T19:14:22+00:00\",\"dateModified\":\"2026-08-03T23:37:03+00:00\",\"mainEntityOfPage\":{\"@id\":\"https:\\\/\\\/marcosalencarpsicanalista.com\\\/o-sujeito-diante-da-tecnologia\\\/\"},\"wordCount\":1931,\"publisher\":{\"@id\":\"https:\\\/\\\/marcosalencarpsicanalista.com\\\/es\\\/#consultorio-marcos-alencar\"},\"image\":{\"@id\":\"https:\\\/\\\/marcosalencarpsicanalista.com\\\/o-sujeito-diante-da-tecnologia\\\/#primaryimage\"},\"thumbnailUrl\":\"https:\\\/\\\/marcosalencarpsicanalista.com\\\/wp-content\\\/uploads\\\/2026\\\/08\\\/artigosujeito.webp\",\"articleSection\":[\"Blog\"],\"inLanguage\":\"es-AR\"},{\"@type\":\"WebPage\",\"@id\":\"https:\\\/\\\/marcosalencarpsicanalista.com\\\/o-sujeito-diante-da-tecnologia\\\/\",\"url\":\"https:\\\/\\\/marcosalencarpsicanalista.com\\\/o-sujeito-diante-da-tecnologia\\\/\",\"name\":\"O sujeito diante da tecnologia: uma leitura psicanal\u00edtica | Marcos Alencar\",\"isPartOf\":{\"@id\":\"https:\\\/\\\/marcosalencarpsicanalista.com\\\/#website\"},\"primaryImageOfPage\":{\"@id\":\"https:\\\/\\\/marcosalencarpsicanalista.com\\\/o-sujeito-diante-da-tecnologia\\\/#primaryimage\"},\"image\":{\"@id\":\"https:\\\/\\\/marcosalencarpsicanalista.com\\\/o-sujeito-diante-da-tecnologia\\\/#primaryimage\"},\"thumbnailUrl\":\"https:\\\/\\\/marcosalencarpsicanalista.com\\\/wp-content\\\/uploads\\\/2026\\\/08\\\/artigosujeito.webp\",\"datePublished\":\"2026-07-24T19:14:22+00:00\",\"dateModified\":\"2026-08-03T23:37:03+00:00\",\"description\":\"Uma leitura psicanal\u00edtica sobre como tecnologias, plataformas e algoritmos participam da forma\u00e7\u00e3o do desejo, da mem\u00f3ria, do corpo e da identidade.\",\"breadcrumb\":{\"@id\":\"https:\\\/\\\/marcosalencarpsicanalista.com\\\/o-sujeito-diante-da-tecnologia\\\/#breadcrumb\"},\"inLanguage\":\"es-AR\",\"potentialAction\":[{\"@type\":\"ReadAction\",\"target\":[\"https:\\\/\\\/marcosalencarpsicanalista.com\\\/o-sujeito-diante-da-tecnologia\\\/\"]}],\"about\":[{\"@id\":\"https:\\\/\\\/marcosalencarpsicanalista.com\\\/es\\\/#marcos-correa-alencar\"},{\"@id\":\"https:\\\/\\\/marcosalencarpsicanalista.com\\\/es\\\/#consultorio-marcos-alencar\"}]},{\"@type\":\"ImageObject\",\"inLanguage\":\"es-AR\",\"@id\":\"https:\\\/\\\/marcosalencarpsicanalista.com\\\/o-sujeito-diante-da-tecnologia\\\/#primaryimage\",\"url\":\"https:\\\/\\\/marcosalencarpsicanalista.com\\\/wp-content\\\/uploads\\\/2026\\\/08\\\/artigosujeito.webp\",\"contentUrl\":\"https:\\\/\\\/marcosalencarpsicanalista.com\\\/wp-content\\\/uploads\\\/2026\\\/08\\\/artigosujeito.webp\",\"width\":1448,\"height\":1086},{\"@type\":\"BreadcrumbList\",\"@id\":\"https:\\\/\\\/marcosalencarpsicanalista.com\\\/o-sujeito-diante-da-tecnologia\\\/#breadcrumb\",\"itemListElement\":[{\"@type\":\"ListItem\",\"position\":1,\"name\":\"Home\",\"item\":\"https:\\\/\\\/marcosalencarpsicanalista.com\\\/\"},{\"@type\":\"ListItem\",\"position\":2,\"name\":\"O sujeito diante da tecnologia: uma leitura psicanal\u00edtica\"}]},{\"@type\":\"WebSite\",\"@id\":\"https:\\\/\\\/marcosalencarpsicanalista.com\\\/#website\",\"url\":\"https:\\\/\\\/marcosalencarpsicanalista.com\\\/\",\"name\":\"Marcos Alencar | Psicanalista e Psic\u00f3logo\",\"description\":\"Psican\u00e1lise e psicoterapia presencial em S\u00e3o Paulo e online no Brasil e no exterior.\",\"publisher\":{\"@id\":\"https:\\\/\\\/marcosalencarpsicanalista.com\\\/es\\\/#consultorio-marcos-alencar\"},\"alternateName\":\"Marcos Alencar\",\"potentialAction\":[{\"@type\":\"SearchAction\",\"target\":{\"@type\":\"EntryPoint\",\"urlTemplate\":\"https:\\\/\\\/marcosalencarpsicanalista.com\\\/?s={search_term_string}\"},\"query-input\":{\"@type\":\"PropertyValueSpecification\",\"valueRequired\":true,\"valueName\":\"search_term_string\"}}],\"inLanguage\":\"es-AR\",\"about\":[{\"@id\":\"https:\\\/\\\/marcosalencarpsicanalista.com\\\/es\\\/#marcos-correa-alencar\"},{\"@id\":\"https:\\\/\\\/marcosalencarpsicanalista.com\\\/es\\\/#consultorio-marcos-alencar\"}]},{\"@type\":\"Organization\",\"@id\":\"https:\\\/\\\/marcosalencarpsicanalista.com\\\/#organization\",\"name\":\"Marcos Alencar | Psicologo e Psicanalista\",\"url\":\"https:\\\/\\\/marcosalencarpsicanalista.com\\\/\",\"logo\":{\"@type\":\"ImageObject\",\"inLanguage\":\"es-AR\",\"@id\":\"https:\\\/\\\/marcosalencarpsicanalista.com\\\/#\\\/schema\\\/logo\\\/image\\\/\",\"url\":\"https:\\\/\\\/marcosalencarpsicanalista.com\\\/wp-content\\\/uploads\\\/2026\\\/08\\\/marcosalencar-psicanalista-psicologo-sao-paulo-sp-port.png\",\"contentUrl\":\"https:\\\/\\\/marcosalencarpsicanalista.com\\\/wp-content\\\/uploads\\\/2026\\\/08\\\/marcosalencar-psicanalista-psicologo-sao-paulo-sp-port.png\",\"width\":1122,\"height\":1402,\"caption\":\"Marcos Alencar | Psicologo e Psicanalista\"},\"image\":{\"@id\":\"https:\\\/\\\/marcosalencarpsicanalista.com\\\/#\\\/schema\\\/logo\\\/image\\\/\"},\"description\":\"Psican\u00e1lise e psicoterapia com Marcos Alencar, Psicanalista e Psic\u00f3logo (CRP 06\\\/30117). Atendimento presencial em S\u00e3o Paulo e online, em portugu\u00eas, ingl\u00eas e espanhol. Primeira conversa gratuita de 30 minutos.\"},{\"@type\":\"Person\",\"@id\":\"https:\\\/\\\/marcosalencarpsicanalista.com\\\/#\\\/schema\\\/person\\\/4ad7e05d136010f9f356f5f5fd874544\",\"name\":\"admin\",\"image\":{\"@type\":\"ImageObject\",\"inLanguage\":\"es-AR\",\"@id\":\"https:\\\/\\\/marcosalencarpsicanalista.com\\\/wp-content\\\/litespeed\\\/avatar\\\/11030dd59ce4df8ad890f8c5715b951e.jpg?ver=1788198069\",\"url\":\"https:\\\/\\\/marcosalencarpsicanalista.com\\\/wp-content\\\/litespeed\\\/avatar\\\/11030dd59ce4df8ad890f8c5715b951e.jpg?ver=1788198069\",\"contentUrl\":\"https:\\\/\\\/marcosalencarpsicanalista.com\\\/wp-content\\\/litespeed\\\/avatar\\\/11030dd59ce4df8ad890f8c5715b951e.jpg?ver=1788198069\",\"caption\":\"admin\"},\"sameAs\":[\"https:\\\/\\\/marcosalencarpsicanalista.com\"],\"url\":\"https:\\\/\\\/marcosalencarpsicanalista.com\\\/es\\\/author\\\/admin\\\/\"},{\"@type\":\"Person\",\"@id\":\"https:\\\/\\\/marcosalencarpsicanalista.com\\\/es\\\/#marcos-correa-alencar\",\"name\":\"Marcos Corr\u00eaa Alencar\",\"alternateName\":\"Marcos Alencar\",\"givenName\":\"Marcos\",\"additionalName\":\"Corr\u00eaa\",\"familyName\":\"Alencar\",\"url\":\"https:\\\/\\\/marcosalencarpsicanalista.com\\\/es\\\/es\\\/psicanalista-marcos-alencar\\\/\",\"mainEntityOfPage\":{\"@id\":\"https:\\\/\\\/marcosalencarpsicanalista.com\\\/es\\\/es\\\/psicanalista-marcos-alencar\\\/\"},\"image\":{\"@type\":\"ImageObject\",\"@id\":\"https:\\\/\\\/marcosalencarpsicanalista.com\\\/es\\\/#imagem-marcos-alencar\",\"url\":\"https:\\\/\\\/marcosalencarpsicanalista.com\\\/es\\\/wp-content\\\/uploads\\\/2026\\\/07\\\/DrMarcosAlencar.webp\",\"contentUrl\":\"https:\\\/\\\/marcosalencarpsicanalista.com\\\/es\\\/wp-content\\\/uploads\\\/2026\\\/07\\\/DrMarcosAlencar.webp\",\"caption\":\"Marcos Corr\u00eaa Alencar, Psicanalista e Psic\u00f3logo\"},\"description\":\"Marcos Corr\u00eaa Alencar es Psicoanalista y Psic\u00f3logo, registrado en el CRP 06\\\/30117. Atiende presencialmente en S\u00e3o Paulo y online en Brasil y en el exterior, en portugu\u00e9s, ingl\u00e9s y espa\u00f1ol.\",\"jobTitle\":[\"Psicanalista\",\"Psic\u00f3logo\"],\"identifier\":{\"@type\":\"PropertyValue\",\"propertyID\":\"CRP\",\"value\":\"06\\\/30117\",\"name\":\"Registro profissional no Conselho Regional de Psicologia\"},\"knowsLanguage\":[{\"@type\":\"Language\",\"name\":\"Portugu\u00eas\",\"alternateName\":\"pt-BR\"},{\"@type\":\"Language\",\"name\":\"English\",\"alternateName\":\"en\"},{\"@type\":\"Language\",\"name\":\"Espa\u00f1ol\",\"alternateName\":\"es\"}],\"telephone\":\"+55 11 91566-5300\",\"email\":\"contato@marcosalencarpsicanalista.com\",\"workLocation\":{\"@type\":\"Place\",\"name\":\"S\u00e3o Paulo, SP, Brasil\",\"address\":{\"@type\":\"PostalAddress\",\"addressLocality\":\"S\u00e3o Paulo\",\"addressRegion\":\"SP\",\"postalCode\":\"05447-140\",\"addressCountry\":\"BR\"},\"geo\":{\"@type\":\"GeoCoordinates\",\"latitude\":-23.5468322,\"longitude\":-46.705219}},\"worksFor\":{\"@id\":\"https:\\\/\\\/marcosalencarpsicanalista.com\\\/es\\\/#consultorio-marcos-alencar\"},\"knowsAbout\":[\"Psican\u00e1lise\",\"Psicologia\",\"Psicoterapia de orienta\u00e7\u00e3o anal\u00edtica\",\"An\u00e1lise individual\",\"Terapia breve\",\"Autoconhecimento\",\"Sa\u00fade mental\",\"Subjetividade\",\"Migra\u00e7\u00e3o e adapta\u00e7\u00e3o cultural\",\"Tecnologia e subjetividade\",\"Supervis\u00e3o cl\u00ednica\"],\"makesOffer\":[{\"@id\":\"https:\\\/\\\/marcosalencarpsicanalista.com\\\/es\\\/#oferta-primeira-conversa\"}]},{\"@type\":\"LocalBusiness\",\"@id\":\"https:\\\/\\\/marcosalencarpsicanalista.com\\\/es\\\/#consultorio-marcos-alencar\",\"name\":\"Marcos Alencar \u2014 Psicoanalista y Psic\u00f3logo\",\"alternateName\":\"Marcos Alencar\",\"url\":\"https:\\\/\\\/marcosalencarpsicanalista.com\\\/es\\\/es\\\/\",\"description\":\"Psicoan\u00e1lisis y psicoterapia de orientaci\u00f3n anal\u00edtica con Marcos Corr\u00eaa Alencar, CRP 06\\\/30117. Atenci\u00f3n presencial en S\u00e3o Paulo y online en Brasil y en el exterior, en portugu\u00e9s, ingl\u00e9s y espa\u00f1ol.\",\"image\":{\"@id\":\"https:\\\/\\\/marcosalencarpsicanalista.com\\\/es\\\/#imagem-marcos-alencar\"},\"telephone\":\"+55 11 91566-5300\",\"email\":\"contato@marcosalencarpsicanalista.com\",\"address\":{\"@type\":\"PostalAddress\",\"addressLocality\":\"S\u00e3o Paulo\",\"addressRegion\":\"SP\",\"postalCode\":\"05447-140\",\"addressCountry\":\"BR\"},\"geo\":{\"@type\":\"GeoCoordinates\",\"latitude\":-23.5468322,\"longitude\":-46.705219},\"areaServed\":[{\"@type\":\"City\",\"name\":\"S\u00e3o Paulo\"},{\"@type\":\"Country\",\"name\":\"Brasil\"},{\"@type\":\"AdministrativeArea\",\"name\":\"Atendimento online internacional\"}],\"availableLanguage\":[{\"@type\":\"Language\",\"name\":\"Portugu\u00eas\",\"alternateName\":\"pt-BR\"},{\"@type\":\"Language\",\"name\":\"English\",\"alternateName\":\"en\"},{\"@type\":\"Language\",\"name\":\"Espa\u00f1ol\",\"alternateName\":\"es\"}],\"founder\":{\"@id\":\"https:\\\/\\\/marcosalencarpsicanalista.com\\\/es\\\/#marcos-correa-alencar\"},\"employee\":{\"@id\":\"https:\\\/\\\/marcosalencarpsicanalista.com\\\/es\\\/#marcos-correa-alencar\"},\"openingHoursSpecification\":[{\"@type\":\"OpeningHoursSpecification\",\"dayOfWeek\":[\"https:\\\/\\\/schema.org\\\/Monday\",\"https:\\\/\\\/schema.org\\\/Tuesday\",\"https:\\\/\\\/schema.org\\\/Wednesday\",\"https:\\\/\\\/schema.org\\\/Thursday\",\"https:\\\/\\\/schema.org\\\/Friday\"],\"opens\":\"09:00\",\"closes\":\"19:00\"}],\"hasOfferCatalog\":{\"@type\":\"OfferCatalog\",\"name\":\"Atendimentos e servi\u00e7os\",\"itemListElement\":[{\"@id\":\"https:\\\/\\\/marcosalencarpsicanalista.com\\\/es\\\/#analise-individual\"},{\"@id\":\"https:\\\/\\\/marcosalencarpsicanalista.com\\\/es\\\/#terapia-breve\"},{\"@id\":\"https:\\\/\\\/marcosalencarpsicanalista.com\\\/es\\\/#supervisao-clinica\"},{\"@id\":\"https:\\\/\\\/marcosalencarpsicanalista.com\\\/es\\\/#primeira-conversa\"}]},\"makesOffer\":[{\"@id\":\"https:\\\/\\\/marcosalencarpsicanalista.com\\\/es\\\/#oferta-primeira-conversa\"}]},{\"@type\":\"Service\",\"@id\":\"https:\\\/\\\/marcosalencarpsicanalista.com\\\/es\\\/#analise-individual\",\"name\":\"An\u00e1lisis Individual\",\"serviceType\":\"Psican\u00e1lise e psicoterapia de orienta\u00e7\u00e3o anal\u00edtica\",\"description\":\"Un proceso continuo y profundo de escucha y autoconocimiento, desarrollado de acuerdo con la singularidad y el tiempo de cada persona.\",\"provider\":{\"@id\":\"https:\\\/\\\/marcosalencarpsicanalista.com\\\/es\\\/#marcos-correa-alencar\"},\"broker\":{\"@id\":\"https:\\\/\\\/marcosalencarpsicanalista.com\\\/es\\\/#consultorio-marcos-alencar\"},\"areaServed\":[{\"@type\":\"City\",\"name\":\"S\u00e3o Paulo\"},{\"@type\":\"Country\",\"name\":\"Brasil\"},{\"@type\":\"AdministrativeArea\",\"name\":\"Atendimento online internacional\"}],\"availableChannel\":[{\"@type\":\"ServiceChannel\",\"name\":\"Consultorio en S\u00e3o Paulo\",\"serviceLocation\":{\"@type\":\"Place\",\"name\":\"Consultorio en S\u00e3o Paulo\",\"address\":{\"@type\":\"PostalAddress\",\"addressLocality\":\"S\u00e3o Paulo\",\"addressRegion\":\"SP\",\"postalCode\":\"05447-140\",\"addressCountry\":\"BR\"},\"geo\":{\"@type\":\"GeoCoordinates\",\"latitude\":-23.5468322,\"longitude\":-46.705219}},\"availableLanguage\":[{\"@type\":\"Language\",\"name\":\"Portugu\u00eas\",\"alternateName\":\"pt-BR\"},{\"@type\":\"Language\",\"name\":\"English\",\"alternateName\":\"en\"},{\"@type\":\"Language\",\"name\":\"Espa\u00f1ol\",\"alternateName\":\"es\"}]},{\"@type\":\"ServiceChannel\",\"name\":\"Atenci\u00f3n online\",\"serviceUrl\":\"https:\\\/\\\/marcosalencarpsicanalista.com\\\/es\\\/es\\\/30min\\\/\",\"availableLanguage\":[{\"@type\":\"Language\",\"name\":\"Portugu\u00eas\",\"alternateName\":\"pt-BR\"},{\"@type\":\"Language\",\"name\":\"English\",\"alternateName\":\"en\"},{\"@type\":\"Language\",\"name\":\"Espa\u00f1ol\",\"alternateName\":\"es\"}]}],\"url\":\"https:\\\/\\\/marcosalencarpsicanalista.com\\\/es\\\/es\\\/#Modalidades\"},{\"@type\":\"Service\",\"@id\":\"https:\\\/\\\/marcosalencarpsicanalista.com\\\/es\\\/#terapia-breve\",\"name\":\"Terapia Breve\",\"serviceType\":\"Terapia breve focal\",\"description\":\"Un proceso terap\u00e9utico con foco y duraci\u00f3n delimitados, dirigido a una cuesti\u00f3n espec\u00edfica como estr\u00e9s, presi\u00f3n profesional, decisiones dif\u00edciles o transiciones de carrera.\",\"provider\":{\"@id\":\"https:\\\/\\\/marcosalencarpsicanalista.com\\\/es\\\/#marcos-correa-alencar\"},\"broker\":{\"@id\":\"https:\\\/\\\/marcosalencarpsicanalista.com\\\/es\\\/#consultorio-marcos-alencar\"},\"areaServed\":[{\"@type\":\"City\",\"name\":\"S\u00e3o Paulo\"},{\"@type\":\"Country\",\"name\":\"Brasil\"},{\"@type\":\"AdministrativeArea\",\"name\":\"Atendimento online internacional\"}],\"availableChannel\":[{\"@type\":\"ServiceChannel\",\"name\":\"Consultorio en S\u00e3o Paulo\",\"serviceLocation\":{\"@type\":\"Place\",\"name\":\"Consultorio en S\u00e3o Paulo\",\"address\":{\"@type\":\"PostalAddress\",\"addressLocality\":\"S\u00e3o Paulo\",\"addressRegion\":\"SP\",\"postalCode\":\"05447-140\",\"addressCountry\":\"BR\"},\"geo\":{\"@type\":\"GeoCoordinates\",\"latitude\":-23.5468322,\"longitude\":-46.705219}},\"availableLanguage\":[{\"@type\":\"Language\",\"name\":\"Portugu\u00eas\",\"alternateName\":\"pt-BR\"},{\"@type\":\"Language\",\"name\":\"English\",\"alternateName\":\"en\"},{\"@type\":\"Language\",\"name\":\"Espa\u00f1ol\",\"alternateName\":\"es\"}]},{\"@type\":\"ServiceChannel\",\"name\":\"Atenci\u00f3n online\",\"serviceUrl\":\"https:\\\/\\\/marcosalencarpsicanalista.com\\\/es\\\/es\\\/30min\\\/\",\"availableLanguage\":[{\"@type\":\"Language\",\"name\":\"Portugu\u00eas\",\"alternateName\":\"pt-BR\"},{\"@type\":\"Language\",\"name\":\"English\",\"alternateName\":\"en\"},{\"@type\":\"Language\",\"name\":\"Espa\u00f1ol\",\"alternateName\":\"es\"}]}],\"url\":\"https:\\\/\\\/marcosalencarpsicanalista.com\\\/es\\\/es\\\/#Modalidades\"},{\"@type\":\"Service\",\"@id\":\"https:\\\/\\\/marcosalencarpsicanalista.com\\\/es\\\/#supervisao-clinica\",\"name\":\"Supervisi\u00f3n Cl\u00ednica\",\"serviceType\":\"Supervis\u00e3o cl\u00ednica para profissionais de sa\u00fade mental\",\"description\":\"Supervisi\u00f3n cl\u00ednica para psic\u00f3logos, psicoanalistas, psicoterapeutas y profesionales en formaci\u00f3n.\",\"url\":\"https:\\\/\\\/marcosalencarpsicanalista.com\\\/es\\\/es\\\/supervisao-clinica\\\/\",\"provider\":{\"@id\":\"https:\\\/\\\/marcosalencarpsicanalista.com\\\/es\\\/#marcos-correa-alencar\"},\"broker\":{\"@id\":\"https:\\\/\\\/marcosalencarpsicanalista.com\\\/es\\\/#consultorio-marcos-alencar\"},\"areaServed\":[{\"@type\":\"City\",\"name\":\"S\u00e3o Paulo\"},{\"@type\":\"Country\",\"name\":\"Brasil\"},{\"@type\":\"AdministrativeArea\",\"name\":\"Atendimento online internacional\"}],\"availableChannel\":[{\"@type\":\"ServiceChannel\",\"name\":\"Consultorio en S\u00e3o Paulo\",\"serviceLocation\":{\"@type\":\"Place\",\"name\":\"Consultorio en S\u00e3o Paulo\",\"address\":{\"@type\":\"PostalAddress\",\"addressLocality\":\"S\u00e3o Paulo\",\"addressRegion\":\"SP\",\"postalCode\":\"05447-140\",\"addressCountry\":\"BR\"},\"geo\":{\"@type\":\"GeoCoordinates\",\"latitude\":-23.5468322,\"longitude\":-46.705219}},\"availableLanguage\":[{\"@type\":\"Language\",\"name\":\"Portugu\u00eas\",\"alternateName\":\"pt-BR\"},{\"@type\":\"Language\",\"name\":\"English\",\"alternateName\":\"en\"},{\"@type\":\"Language\",\"name\":\"Espa\u00f1ol\",\"alternateName\":\"es\"}]},{\"@type\":\"ServiceChannel\",\"name\":\"Atenci\u00f3n online\",\"serviceUrl\":\"https:\\\/\\\/marcosalencarpsicanalista.com\\\/es\\\/es\\\/30min\\\/\",\"availableLanguage\":[{\"@type\":\"Language\",\"name\":\"Portugu\u00eas\",\"alternateName\":\"pt-BR\"},{\"@type\":\"Language\",\"name\":\"English\",\"alternateName\":\"en\"},{\"@type\":\"Language\",\"name\":\"Espa\u00f1ol\",\"alternateName\":\"es\"}]}]},{\"@type\":\"Service\",\"@id\":\"https:\\\/\\\/marcosalencarpsicanalista.com\\\/es\\\/#primeira-conversa\",\"name\":\"Primera conversaci\u00f3n online de 30 minutos\",\"serviceType\":\"Conversa inicial online de 30 minutos\",\"description\":\"Una conversaci\u00f3n inicial online, gratuita y sin compromiso, de 30 minutos, para conocer la demanda y considerar la posibilidad de comenzar el proceso terap\u00e9utico.\",\"url\":\"https:\\\/\\\/marcosalencarpsicanalista.com\\\/es\\\/es\\\/30min\\\/\",\"provider\":{\"@id\":\"https:\\\/\\\/marcosalencarpsicanalista.com\\\/es\\\/#marcos-correa-alencar\"},\"areaServed\":[{\"@type\":\"City\",\"name\":\"S\u00e3o Paulo\"},{\"@type\":\"Country\",\"name\":\"Brasil\"},{\"@type\":\"AdministrativeArea\",\"name\":\"Atendimento online internacional\"}],\"availableChannel\":[{\"@type\":\"ServiceChannel\",\"name\":\"Atenci\u00f3n online\",\"serviceUrl\":\"https:\\\/\\\/marcosalencarpsicanalista.com\\\/es\\\/es\\\/30min\\\/\",\"availableLanguage\":[{\"@type\":\"Language\",\"name\":\"Portugu\u00eas\",\"alternateName\":\"pt-BR\"},{\"@type\":\"Language\",\"name\":\"English\",\"alternateName\":\"en\"},{\"@type\":\"Language\",\"name\":\"Espa\u00f1ol\",\"alternateName\":\"es\"}]}],\"offers\":{\"@id\":\"https:\\\/\\\/marcosalencarpsicanalista.com\\\/es\\\/#oferta-primeira-conversa\"}},{\"@type\":\"Offer\",\"@id\":\"https:\\\/\\\/marcosalencarpsicanalista.com\\\/es\\\/#oferta-primeira-conversa\",\"name\":\"Primera conversaci\u00f3n online de 30 minutos\",\"url\":\"https:\\\/\\\/marcosalencarpsicanalista.com\\\/es\\\/es\\\/30min\\\/\",\"price\":\"0\",\"priceCurrency\":\"BRL\",\"itemOffered\":{\"@id\":\"https:\\\/\\\/marcosalencarpsicanalista.com\\\/es\\\/#primeira-conversa\"},\"seller\":{\"@id\":\"https:\\\/\\\/marcosalencarpsicanalista.com\\\/es\\\/#consultorio-marcos-alencar\"}}]}<\/script>\n<!-- \/ Yoast SEO Premium plugin. -->","yoast_head_json":{"title":"El individuo en relaci\u00f3n con la tecnolog\u00eda: una lectura psicoanal\u00edtica | Marcos Alencar","description":"Una lectura psicoanal\u00edtica sobre c\u00f3mo las tecnolog\u00edas, las plataformas y los algoritmos participan en la formaci\u00f3n del deseo, la memoria, el cuerpo y la identidad.","robots":{"index":"index","follow":"follow","max-snippet":"max-snippet:-1","max-image-preview":"max-image-preview:large","max-video-preview":"max-video-preview:-1"},"canonical":"https:\/\/marcosalencarpsicanalista.com\/es\/el-individuo-en-relacion-con-la-tecnologia\/","og_locale":"es_ES","og_type":"article","og_title":"O sujeito diante da tecnologia: uma leitura psicanal\u00edtica","og_description":"Uma leitura psicanal\u00edtica sobre como tecnologias, plataformas e algoritmos participam da forma\u00e7\u00e3o do desejo, da mem\u00f3ria, do corpo e da identidade.","og_url":"https:\/\/marcosalencarpsicanalista.com\/es\/el-individuo-en-relacion-con-la-tecnologia\/","og_site_name":"Marcos Alencar | Psicanalista em S\u00e3o Paulo","article_published_time":"2026-07-24T19:14:22+00:00","article_modified_time":"2026-08-03T23:37:03+00:00","og_image":[{"width":2172,"height":724,"url":"https:\/\/marcosalencarpsicanalista.com\/wp-content\/uploads\/2026\/07\/Switzerland.png","type":"image\/png"}],"author":"admin","twitter_card":"summary_large_image","twitter_title":"O sujeito diante da tecnologia: uma leitura psicanal\u00edtica","twitter_description":"Uma leitura psicanal\u00edtica sobre como tecnologias, plataformas e algoritmos participam da forma\u00e7\u00e3o do desejo, da mem\u00f3ria, do corpo e da identidade.","twitter_image":"https:\/\/marcosalencarpsicanalista.com\/wp-content\/uploads\/2026\/07\/Switzerland.png","twitter_misc":{"Escrito por":"admin","Tiempo de lectura":"10 minutos"},"schema":{"@context":"https:\/\/schema.org","@graph":[{"@type":"Article","@id":"https:\/\/marcosalencarpsicanalista.com\/o-sujeito-diante-da-tecnologia\/#article","isPartOf":{"@id":"https:\/\/marcosalencarpsicanalista.com\/o-sujeito-diante-da-tecnologia\/"},"author":{"@id":"https:\/\/marcosalencarpsicanalista.com\/es\/#marcos-correa-alencar"},"headline":"O sujeito diante da tecnologia: uma leitura psicanal\u00edtica","datePublished":"2026-07-24T19:14:22+00:00","dateModified":"2026-08-03T23:37:03+00:00","mainEntityOfPage":{"@id":"https:\/\/marcosalencarpsicanalista.com\/o-sujeito-diante-da-tecnologia\/"},"wordCount":1931,"publisher":{"@id":"https:\/\/marcosalencarpsicanalista.com\/es\/#consultorio-marcos-alencar"},"image":{"@id":"https:\/\/marcosalencarpsicanalista.com\/o-sujeito-diante-da-tecnologia\/#primaryimage"},"thumbnailUrl":"https:\/\/marcosalencarpsicanalista.com\/wp-content\/uploads\/2026\/08\/artigosujeito.webp","articleSection":["Blog"],"inLanguage":"es-AR"},{"@type":"WebPage","@id":"https:\/\/marcosalencarpsicanalista.com\/o-sujeito-diante-da-tecnologia\/","url":"https:\/\/marcosalencarpsicanalista.com\/o-sujeito-diante-da-tecnologia\/","name":"El individuo en relaci\u00f3n con la tecnolog\u00eda: una lectura psicoanal\u00edtica | Marcos Alencar","isPartOf":{"@id":"https:\/\/marcosalencarpsicanalista.com\/#website"},"primaryImageOfPage":{"@id":"https:\/\/marcosalencarpsicanalista.com\/o-sujeito-diante-da-tecnologia\/#primaryimage"},"image":{"@id":"https:\/\/marcosalencarpsicanalista.com\/o-sujeito-diante-da-tecnologia\/#primaryimage"},"thumbnailUrl":"https:\/\/marcosalencarpsicanalista.com\/wp-content\/uploads\/2026\/08\/artigosujeito.webp","datePublished":"2026-07-24T19:14:22+00:00","dateModified":"2026-08-03T23:37:03+00:00","description":"Una lectura psicoanal\u00edtica sobre c\u00f3mo las tecnolog\u00edas, las plataformas y los algoritmos participan en la formaci\u00f3n del deseo, la memoria, el cuerpo y la identidad.","breadcrumb":{"@id":"https:\/\/marcosalencarpsicanalista.com\/o-sujeito-diante-da-tecnologia\/#breadcrumb"},"inLanguage":"es-AR","potentialAction":[{"@type":"ReadAction","target":["https:\/\/marcosalencarpsicanalista.com\/o-sujeito-diante-da-tecnologia\/"]}],"about":[{"@id":"https:\/\/marcosalencarpsicanalista.com\/es\/#marcos-correa-alencar"},{"@id":"https:\/\/marcosalencarpsicanalista.com\/es\/#consultorio-marcos-alencar"}]},{"@type":"ImageObject","inLanguage":"es-AR","@id":"https:\/\/marcosalencarpsicanalista.com\/o-sujeito-diante-da-tecnologia\/#primaryimage","url":"https:\/\/marcosalencarpsicanalista.com\/wp-content\/uploads\/2026\/08\/artigosujeito.webp","contentUrl":"https:\/\/marcosalencarpsicanalista.com\/wp-content\/uploads\/2026\/08\/artigosujeito.webp","width":1448,"height":1086},{"@type":"BreadcrumbList","@id":"https:\/\/marcosalencarpsicanalista.com\/o-sujeito-diante-da-tecnologia\/#breadcrumb","itemListElement":[{"@type":"ListItem","position":1,"name":"Home","item":"https:\/\/marcosalencarpsicanalista.com\/"},{"@type":"ListItem","position":2,"name":"O sujeito diante da tecnologia: uma leitura psicanal\u00edtica"}]},{"@type":"WebSite","@id":"https:\/\/marcosalencarpsicanalista.com\/#website","url":"https:\/\/marcosalencarpsicanalista.com\/","name":"Marcos Alencar | Psicoanalista y Psic\u00f3logo","description":"Psican\u00e1lise e psicoterapia presencial em S\u00e3o Paulo e online no Brasil e no exterior.","publisher":{"@id":"https:\/\/marcosalencarpsicanalista.com\/es\/#consultorio-marcos-alencar"},"alternateName":"Marcos Alencar","potentialAction":[{"@type":"SearchAction","target":{"@type":"EntryPoint","urlTemplate":"https:\/\/marcosalencarpsicanalista.com\/?s={search_term_string}"},"query-input":{"@type":"PropertyValueSpecification","valueRequired":true,"valueName":"search_term_string"}}],"inLanguage":"es-AR","about":[{"@id":"https:\/\/marcosalencarpsicanalista.com\/es\/#marcos-correa-alencar"},{"@id":"https:\/\/marcosalencarpsicanalista.com\/es\/#consultorio-marcos-alencar"}]},{"@type":"Organization","@id":"https:\/\/marcosalencarpsicanalista.com\/#organization","name":"Marcos Alencar | Psicologo e Psicanalista","url":"https:\/\/marcosalencarpsicanalista.com\/","logo":{"@type":"ImageObject","inLanguage":"es-AR","@id":"https:\/\/marcosalencarpsicanalista.com\/#\/schema\/logo\/image\/","url":"https:\/\/marcosalencarpsicanalista.com\/wp-content\/uploads\/2026\/08\/marcosalencar-psicanalista-psicologo-sao-paulo-sp-port.png","contentUrl":"https:\/\/marcosalencarpsicanalista.com\/wp-content\/uploads\/2026\/08\/marcosalencar-psicanalista-psicologo-sao-paulo-sp-port.png","width":1122,"height":1402,"caption":"Marcos Alencar | Psicologo e Psicanalista"},"image":{"@id":"https:\/\/marcosalencarpsicanalista.com\/#\/schema\/logo\/image\/"},"description":"Psicoan\u00e1lisis y psicoterapia con Marcos Alencar, Psicoanalista y Psic\u00f3logo (CRP 06\/30117). Atenci\u00f3n presencial en S\u00e3o Paulo y online, en portugu\u00e9s, ingl\u00e9s y espa\u00f1ol. Primera conversaci\u00f3n gratuita de 30 minutos."},{"@type":"Person","@id":"https:\/\/marcosalencarpsicanalista.com\/#\/schema\/person\/4ad7e05d136010f9f356f5f5fd874544","name":"administraci\u00f3n","image":{"@type":"ImageObject","inLanguage":"es-AR","@id":"https:\/\/marcosalencarpsicanalista.com\/wp-content\/litespeed\/avatar\/11030dd59ce4df8ad890f8c5715b951e.jpg?ver=1788198069","url":"https:\/\/marcosalencarpsicanalista.com\/wp-content\/litespeed\/avatar\/11030dd59ce4df8ad890f8c5715b951e.jpg?ver=1788198069","contentUrl":"https:\/\/marcosalencarpsicanalista.com\/wp-content\/litespeed\/avatar\/11030dd59ce4df8ad890f8c5715b951e.jpg?ver=1788198069","caption":"admin"},"sameAs":["https:\/\/marcosalencarpsicanalista.com"],"url":"https:\/\/marcosalencarpsicanalista.com\/es\/author\/admin\/"},{"@type":"Person","@id":"https:\/\/marcosalencarpsicanalista.com\/es\/#marcos-correa-alencar","name":"Marcos Corr\u00eaa Alencar","alternateName":"Marcos Alencar","givenName":"Marcos","additionalName":"Corr\u00eaa","familyName":"Alencar","url":"https:\/\/marcosalencarpsicanalista.com\/es\/es\/psicanalista-marcos-alencar\/","mainEntityOfPage":{"@id":"https:\/\/marcosalencarpsicanalista.com\/es\/es\/psicanalista-marcos-alencar\/"},"image":{"@type":"ImageObject","@id":"https:\/\/marcosalencarpsicanalista.com\/es\/#imagem-marcos-alencar","url":"https:\/\/marcosalencarpsicanalista.com\/es\/wp-content\/uploads\/2026\/07\/DrMarcosAlencar.webp","contentUrl":"https:\/\/marcosalencarpsicanalista.com\/es\/wp-content\/uploads\/2026\/07\/DrMarcosAlencar.webp","caption":"Marcos Corr\u00eaa Alencar, Psicanalista e Psic\u00f3logo"},"description":"Marcos Corr\u00eaa Alencar es psicoanalista y psic\u00f3logo, registrado con el n\u00famero CRP 06\/30117. Atiende presencialmente en S\u00e3o Paulo y en l\u00ednea en Brasil y en el extranjero, en portugu\u00e9s, ingl\u00e9s y espa\u00f1ol.","jobTitle":["Psicanalista","Psic\u00f3logo"],"identifier":{"@type":"PropertyValue","propertyID":"CRP","value":"06\/30117","name":"Registro profissional no Conselho Regional de Psicologia"},"knowsLanguage":[{"@type":"Language","name":"Portugu\u00eas","alternateName":"pt-BR"},{"@type":"Language","name":"English","alternateName":"en"},{"@type":"Language","name":"Espa\u00f1ol","alternateName":"es"}],"telephone":"+55 11 91566-5300","email":"contato@marcosalencarpsicanalista.com","workLocation":{"@type":"Place","name":"S\u00e3o Paulo, SP, Brasil","address":{"@type":"PostalAddress","addressLocality":"S\u00e3o Paulo","addressRegion":"SP","postalCode":"05447-140","addressCountry":"BR"},"geo":{"@type":"GeoCoordinates","latitude":-23.5468322,"longitude":-46.705219}},"worksFor":{"@id":"https:\/\/marcosalencarpsicanalista.com\/es\/#consultorio-marcos-alencar"},"knowsAbout":["Psican\u00e1lise","Psicologia","Psicoterapia de orienta\u00e7\u00e3o anal\u00edtica","An\u00e1lise individual","Terapia breve","Autoconhecimento","Sa\u00fade mental","Subjetividade","Migra\u00e7\u00e3o e adapta\u00e7\u00e3o cultural","Tecnologia e subjetividade","Supervis\u00e3o cl\u00ednica"],"makesOffer":[{"@id":"https:\/\/marcosalencarpsicanalista.com\/es\/#oferta-primeira-conversa"}]},{"@type":"LocalBusiness","@id":"https:\/\/marcosalencarpsicanalista.com\/es\/#consultorio-marcos-alencar","name":"Marcos Alencar \u2014 Psicoanalista y psic\u00f3logo","alternateName":"Marcos Alencar","url":"https:\/\/marcosalencarpsicanalista.com\/es\/es\/","description":"Psicoan\u00e1lisis y psicoterapia de orientaci\u00f3n anal\u00edtica con Marcos Corr\u00eaa Alencar, CRP 06\/30117. Asistencia presencial en S\u00e3o Paulo y en l\u00ednea en Brasil y en el extranjero, en portugu\u00e9s, ingl\u00e9s y espa\u00f1ol.","image":{"@id":"https:\/\/marcosalencarpsicanalista.com\/es\/#imagem-marcos-alencar"},"telephone":"+55 11 91566-5300","email":"contato@marcosalencarpsicanalista.com","address":{"@type":"PostalAddress","addressLocality":"S\u00e3o Paulo","addressRegion":"SP","postalCode":"05447-140","addressCountry":"BR"},"geo":{"@type":"GeoCoordinates","latitude":-23.5468322,"longitude":-46.705219},"areaServed":[{"@type":"City","name":"S\u00e3o Paulo"},{"@type":"Country","name":"Brasil"},{"@type":"AdministrativeArea","name":"Atendimento online internacional"}],"availableLanguage":[{"@type":"Language","name":"Portugu\u00eas","alternateName":"pt-BR"},{"@type":"Language","name":"English","alternateName":"en"},{"@type":"Language","name":"Espa\u00f1ol","alternateName":"es"}],"founder":{"@id":"https:\/\/marcosalencarpsicanalista.com\/es\/#marcos-correa-alencar"},"employee":{"@id":"https:\/\/marcosalencarpsicanalista.com\/es\/#marcos-correa-alencar"},"openingHoursSpecification":[{"@type":"OpeningHoursSpecification","dayOfWeek":["https:\/\/schema.org\/Monday","https:\/\/schema.org\/Tuesday","https:\/\/schema.org\/Wednesday","https:\/\/schema.org\/Thursday","https:\/\/schema.org\/Friday"],"opens":"09:00","closes":"19:00"}],"hasOfferCatalog":{"@type":"OfferCatalog","name":"Atendimentos e servi\u00e7os","itemListElement":[{"@id":"https:\/\/marcosalencarpsicanalista.com\/es\/#analise-individual"},{"@id":"https:\/\/marcosalencarpsicanalista.com\/es\/#terapia-breve"},{"@id":"https:\/\/marcosalencarpsicanalista.com\/es\/#supervisao-clinica"},{"@id":"https:\/\/marcosalencarpsicanalista.com\/es\/#primeira-conversa"}]},"makesOffer":[{"@id":"https:\/\/marcosalencarpsicanalista.com\/es\/#oferta-primeira-conversa"}]},{"@type":"Service","@id":"https:\/\/marcosalencarpsicanalista.com\/es\/#analise-individual","name":"An\u00e1lisis individual","serviceType":"Psican\u00e1lise e psicoterapia de orienta\u00e7\u00e3o anal\u00edtica","description":"Un proceso continuo y profundo de escucha y autoconocimiento, desarrollado seg\u00fan la singularidad y el ritmo de cada persona.","provider":{"@id":"https:\/\/marcosalencarpsicanalista.com\/es\/#marcos-correa-alencar"},"broker":{"@id":"https:\/\/marcosalencarpsicanalista.com\/es\/#consultorio-marcos-alencar"},"areaServed":[{"@type":"City","name":"S\u00e3o Paulo"},{"@type":"Country","name":"Brasil"},{"@type":"AdministrativeArea","name":"Atendimento online internacional"}],"availableChannel":[{"@type":"ServiceChannel","name":"Consultorio en S\u00e3o Paulo","serviceLocation":{"@type":"Place","name":"Consultorio en S\u00e3o Paulo","address":{"@type":"PostalAddress","addressLocality":"S\u00e3o Paulo","addressRegion":"SP","postalCode":"05447-140","addressCountry":"BR"},"geo":{"@type":"GeoCoordinates","latitude":-23.5468322,"longitude":-46.705219}},"availableLanguage":[{"@type":"Language","name":"Portugu\u00eas","alternateName":"pt-BR"},{"@type":"Language","name":"English","alternateName":"en"},{"@type":"Language","name":"Espa\u00f1ol","alternateName":"es"}]},{"@type":"ServiceChannel","name":"Atenci\u00f3n online","serviceUrl":"https:\/\/marcosalencarpsicanalista.com\/es\/es\/30min\/","availableLanguage":[{"@type":"Language","name":"Portugu\u00eas","alternateName":"pt-BR"},{"@type":"Language","name":"English","alternateName":"en"},{"@type":"Language","name":"Espa\u00f1ol","alternateName":"es"}]}],"url":"https:\/\/marcosalencarpsicanalista.com\/es\/es\/#Modalidades"},{"@type":"Service","@id":"https:\/\/marcosalencarpsicanalista.com\/es\/#terapia-breve","name":"Terapia Breve","serviceType":"Terapia breve focal","description":"Un proceso terap\u00e9utico con un enfoque y una duraci\u00f3n definidos, dirigido a situaciones espec\u00edficas como el estr\u00e9s, la presi\u00f3n profesional, las decisiones dif\u00edciles o las transiciones profesionales.","provider":{"@id":"https:\/\/marcosalencarpsicanalista.com\/es\/#marcos-correa-alencar"},"broker":{"@id":"https:\/\/marcosalencarpsicanalista.com\/es\/#consultorio-marcos-alencar"},"areaServed":[{"@type":"City","name":"S\u00e3o Paulo"},{"@type":"Country","name":"Brasil"},{"@type":"AdministrativeArea","name":"Atendimento online internacional"}],"availableChannel":[{"@type":"ServiceChannel","name":"Consultorio en S\u00e3o Paulo","serviceLocation":{"@type":"Place","name":"Consultorio en S\u00e3o Paulo","address":{"@type":"PostalAddress","addressLocality":"S\u00e3o Paulo","addressRegion":"SP","postalCode":"05447-140","addressCountry":"BR"},"geo":{"@type":"GeoCoordinates","latitude":-23.5468322,"longitude":-46.705219}},"availableLanguage":[{"@type":"Language","name":"Portugu\u00eas","alternateName":"pt-BR"},{"@type":"Language","name":"English","alternateName":"en"},{"@type":"Language","name":"Espa\u00f1ol","alternateName":"es"}]},{"@type":"ServiceChannel","name":"Atenci\u00f3n online","serviceUrl":"https:\/\/marcosalencarpsicanalista.com\/es\/es\/30min\/","availableLanguage":[{"@type":"Language","name":"Portugu\u00eas","alternateName":"pt-BR"},{"@type":"Language","name":"English","alternateName":"en"},{"@type":"Language","name":"Espa\u00f1ol","alternateName":"es"}]}],"url":"https:\/\/marcosalencarpsicanalista.com\/es\/es\/#Modalidades"},{"@type":"Service","@id":"https:\/\/marcosalencarpsicanalista.com\/es\/#supervisao-clinica","name":"Supervisi\u00f3n cl\u00ednica","serviceType":"Supervis\u00e3o cl\u00ednica para profissionais de sa\u00fade mental","description":"Supervisi\u00f3n cl\u00ednica para psic\u00f3logos, psicoanalistas, psicoterapeutas y profesionales en formaci\u00f3n.","url":"https:\/\/marcosalencarpsicanalista.com\/es\/es\/supervisao-clinica\/","provider":{"@id":"https:\/\/marcosalencarpsicanalista.com\/es\/#marcos-correa-alencar"},"broker":{"@id":"https:\/\/marcosalencarpsicanalista.com\/es\/#consultorio-marcos-alencar"},"areaServed":[{"@type":"City","name":"S\u00e3o Paulo"},{"@type":"Country","name":"Brasil"},{"@type":"AdministrativeArea","name":"Atendimento online internacional"}],"availableChannel":[{"@type":"ServiceChannel","name":"Consultorio en S\u00e3o Paulo","serviceLocation":{"@type":"Place","name":"Consultorio en S\u00e3o Paulo","address":{"@type":"PostalAddress","addressLocality":"S\u00e3o Paulo","addressRegion":"SP","postalCode":"05447-140","addressCountry":"BR"},"geo":{"@type":"GeoCoordinates","latitude":-23.5468322,"longitude":-46.705219}},"availableLanguage":[{"@type":"Language","name":"Portugu\u00eas","alternateName":"pt-BR"},{"@type":"Language","name":"English","alternateName":"en"},{"@type":"Language","name":"Espa\u00f1ol","alternateName":"es"}]},{"@type":"ServiceChannel","name":"Atenci\u00f3n online","serviceUrl":"https:\/\/marcosalencarpsicanalista.com\/es\/es\/30min\/","availableLanguage":[{"@type":"Language","name":"Portugu\u00eas","alternateName":"pt-BR"},{"@type":"Language","name":"English","alternateName":"en"},{"@type":"Language","name":"Espa\u00f1ol","alternateName":"es"}]}]},{"@type":"Service","@id":"https:\/\/marcosalencarpsicanalista.com\/es\/#primeira-conversa","name":"Primera conversaci\u00f3n en l\u00ednea de 30 minutos","serviceType":"Conversa inicial online de 30 minutos","description":"Una primera conversaci\u00f3n online, gratuita y sin compromiso, de 30 minutos de duraci\u00f3n, para comprender las necesidades y considerar la posibilidad de iniciar el proceso terap\u00e9utico.","url":"https:\/\/marcosalencarpsicanalista.com\/es\/es\/30min\/","provider":{"@id":"https:\/\/marcosalencarpsicanalista.com\/es\/#marcos-correa-alencar"},"areaServed":[{"@type":"City","name":"S\u00e3o Paulo"},{"@type":"Country","name":"Brasil"},{"@type":"AdministrativeArea","name":"Atendimento online internacional"}],"availableChannel":[{"@type":"ServiceChannel","name":"Atenci\u00f3n online","serviceUrl":"https:\/\/marcosalencarpsicanalista.com\/es\/es\/30min\/","availableLanguage":[{"@type":"Language","name":"Portugu\u00eas","alternateName":"pt-BR"},{"@type":"Language","name":"English","alternateName":"en"},{"@type":"Language","name":"Espa\u00f1ol","alternateName":"es"}]}],"offers":{"@id":"https:\/\/marcosalencarpsicanalista.com\/es\/#oferta-primeira-conversa"}},{"@type":"Offer","@id":"https:\/\/marcosalencarpsicanalista.com\/es\/#oferta-primeira-conversa","name":"Primera conversaci\u00f3n en l\u00ednea de 30 minutos","url":"https:\/\/marcosalencarpsicanalista.com\/es\/es\/30min\/","price":"0","priceCurrency":"BRL","itemOffered":{"@id":"https:\/\/marcosalencarpsicanalista.com\/es\/#primeira-conversa"},"seller":{"@id":"https:\/\/marcosalencarpsicanalista.com\/es\/#consultorio-marcos-alencar"}}]}},"_links":{"self":[{"href":"https:\/\/marcosalencarpsicanalista.com\/es\/wp-json\/wp\/v2\/posts\/1288","targetHints":{"allow":["GET"]}}],"collection":[{"href":"https:\/\/marcosalencarpsicanalista.com\/es\/wp-json\/wp\/v2\/posts"}],"about":[{"href":"https:\/\/marcosalencarpsicanalista.com\/es\/wp-json\/wp\/v2\/types\/post"}],"author":[{"embeddable":true,"href":"https:\/\/marcosalencarpsicanalista.com\/es\/wp-json\/wp\/v2\/users\/1"}],"replies":[{"embeddable":true,"href":"https:\/\/marcosalencarpsicanalista.com\/es\/wp-json\/wp\/v2\/comments?post=1288"}],"version-history":[{"count":56,"href":"https:\/\/marcosalencarpsicanalista.com\/es\/wp-json\/wp\/v2\/posts\/1288\/revisions"}],"predecessor-version":[{"id":2208,"href":"https:\/\/marcosalencarpsicanalista.com\/es\/wp-json\/wp\/v2\/posts\/1288\/revisions\/2208"}],"wp:featuredmedia":[{"embeddable":true,"href":"https:\/\/marcosalencarpsicanalista.com\/es\/wp-json\/wp\/v2\/media\/1743"}],"wp:attachment":[{"href":"https:\/\/marcosalencarpsicanalista.com\/es\/wp-json\/wp\/v2\/media?parent=1288"}],"wp:term":[{"taxonomy":"category","embeddable":true,"href":"https:\/\/marcosalencarpsicanalista.com\/es\/wp-json\/wp\/v2\/categories?post=1288"},{"taxonomy":"post_tag","embeddable":true,"href":"https:\/\/marcosalencarpsicanalista.com\/es\/wp-json\/wp\/v2\/tags?post=1288"}],"curies":[{"name":"wp","href":"https:\/\/api.w.org\/{rel}","templated":true}]}}